{"id":10122,"date":"2019-12-10T23:52:46","date_gmt":"2019-12-10T23:52:46","guid":{"rendered":"https:\/\/femepa.org\/web\/?p=10122"},"modified":"2019-12-10T23:52:46","modified_gmt":"2019-12-10T23:52:46","slug":"vicente-marrero-acompana-al-empresariado-de-aserpa-en-su-almuerzo-de-hermandad","status":"publish","type":"post","link":"https:\/\/femepa.org\/web\/vicente-marrero-acompana-al-empresariado-de-aserpa-en-su-almuerzo-de-hermandad\/","title":{"rendered":"Vicente Marrero acompa\u00f1a al empresariado de ASERPA en su almuerzo de hermandad"},"content":{"rendered":"<p style=\"text-align: justify;\">La Asociaci\u00f3n de Empresas de Energ\u00edas Renovables, Ahorro y Eficiencia Energ\u00e9tica de Las Palmas (ASERPA) escogi\u00f3 el restaurante \u201cEl embarcadero\u201d del Muelle Deportivo para celebrar este martes un almuerzo de hermandad.<\/p>\n<p style=\"text-align: justify;\">Este encuentro, al que se uni\u00f3 el presidente de Femepa, <strong>Vicente Marrero<\/strong>, cont\u00f3 con una gran afluencia del empresariado del sector, que encabeza <strong>Carlos Rodr\u00edguez<\/strong>. En este sentido, <strong>V\u00edctor S\u00e1nchez <\/strong>y<strong> Jorge Velasco<\/strong>, presidentes de las asociaciones de instaladores de electricidad y de fontaner\u00eda y gas, respectivamente, tambi\u00e9n participaron del mismo.<\/p>\n<p style=\"text-align: justify;\">Asimismo, el acto sirvi\u00f3 para rendir un merecido homenaje a la labor de <strong>Fernando Caballero<\/strong> como dinamizador de esta asociaci\u00f3n en los \u00faltimos a\u00f1os.<\/p>\n<p><img fetchpriority=\"high\" decoding=\"async\" class=\"wp-image-10123 aligncenter\" src=\"https:\/\/femepa.org\/web\/wp-content\/uploads\/2019\/12\/aserpa-2-225x300.jpg\" alt=\"\" width=\"320\" height=\"439\" \/><\/p>\n","protected":false},"excerpt":{"rendered":"<p>La Asociaci\u00f3n de Empresas de Energ\u00edas Renovables, Ahorro y Eficiencia Energ\u00e9tica de Las Palmas (ASERPA) escogi\u00f3 el restaurante \u201cEl embarcadero\u201d del Muelle Deportivo para celebrar este martes un almuerzo de hermandad. Este encuentro, al que se uni\u00f3 el presidente de Femepa, Vicente Marrero, cont\u00f3 con una gran afluencia del empresariado del sector, que encabeza Carlos [&hellip;]<\/p>\n","protected":false},"author":4,"featured_media":10124,"comment_status":"closed","ping_status":"closed","sticky":false,"template":"","format":"standard","meta":{"_acf_changed":false,"rs_blank_template":"","rs_page_bg_color":"","slide_template_v7":"","footnotes":""},"categories":[1],"tags":[93,1214,1215,1216,565,1217,137,1218],"class_list":["post-10122","post","type-post","status-publish","format-standard","has-post-thumbnail","hentry","category-sin-categoria","tag-aserpa","tag-carlos-rodriguez","tag-fernando-caballero","tag-jorge-velasco","tag-muelle-deportivo","tag-restaurante-el-embarcadero","tag-vicente-marrero","tag-victor-sanchez"],"acf":[],"_links":{"self":[{"href":"https:\/\/femepa.org\/web\/wp-json\/wp\/v2\/posts\/10122","targetHints":{"allow":["GET"]}}],"collection":[{"href":"https:\/\/femepa.org\/web\/wp-json\/wp\/v2\/posts"}],"about":[{"href":"https:\/\/femepa.org\/web\/wp-json\/wp\/v2\/types\/post"}],"author":[{"embeddable":true,"href":"https:\/\/femepa.org\/web\/wp-json\/wp\/v2\/users\/4"}],"replies":[{"embeddable":true,"href":"https:\/\/femepa.org\/web\/wp-json\/wp\/v2\/comments?post=10122"}],"version-history":[{"count":0,"href":"https:\/\/femepa.org\/web\/wp-json\/wp\/v2\/posts\/10122\/revisions"}],"wp:featuredmedia":[{"embeddable":true,"href":"https:\/\/femepa.org\/web\/wp-json\/wp\/v2\/media\/10124"}],"wp:attachment":[{"href":"https:\/\/femepa.org\/web\/wp-json\/wp\/v2\/media?parent=10122"}],"wp:term":[{"taxonomy":"category","embeddable":true,"href":"https:\/\/femepa.org\/web\/wp-json\/wp\/v2\/categories?post=10122"},{"taxonomy":"post_tag","embeddable":true,"href":"https:\/\/femepa.org\/web\/wp-json\/wp\/v2\/tags?post=10122"}],"curies":[{"name":"wp","href":"https:\/\/api.w.org\/{rel}","templated":true}]}}