{"id":10324,"date":"2020-01-12T21:28:50","date_gmt":"2020-01-12T21:28:50","guid":{"rendered":"https:\/\/femepa.org\/web\/?p=10324"},"modified":"2020-01-12T21:28:50","modified_gmt":"2020-01-12T21:28:50","slug":"vicente-marrero-representa-a-femepa-en-la-audiencia-del-rey-a-confemetal","status":"publish","type":"post","link":"https:\/\/femepa.org\/web\/vicente-marrero-representa-a-femepa-en-la-audiencia-del-rey-a-confemetal\/","title":{"rendered":"Vicente Marrero representa a Femepa en la audiencia del Rey a CONFEMETAL"},"content":{"rendered":"<div style=\"text-align: justify;\">El pasado viernes, 10 de enero de 2020, Su Majestad el Rey recibi\u00f3 en audiencia a los representantes de la Confederaci\u00f3n Espa\u00f1ola de Organizaciones Empresariales del Metal (CONFEMETAL), entre los que se encontraba el presidente de Femepa, <strong>Vicente Marrero<\/strong>.<\/div>\n<div style=\"text-align: justify;\"><\/div>\n<div style=\"text-align: justify;\">La cita tuvo lugar en el Palacio de La Zarzuela, donde posteriormente los miembros de CONFEMETAL pudieron departir con el monarca sobre la situaci\u00f3n actual del sector, teniendo en cuenta que esta organizaci\u00f3n agrupa a las asociaciones m\u00e1s representativas de la Industria, el Comercio y los Servicios del Metal, tanto a nivel territorial, con las asociaciones provinciales como Femepa, como a nivel sectorial, con las asociaciones nacionales representativas de las diversas ramas de actividad.<\/div>\n<div><\/div>\n<div><\/div>\n<div style=\"text-align: justify;\"><img fetchpriority=\"high\" decoding=\"async\" class=\"alignnone wp-image-10323\" src=\"https:\/\/femepa.org\/web\/wp-content\/uploads\/2020\/01\/Vicente-Marrero-en-La-Zarzuela-300x203.jpg\" alt=\"\" width=\"522\" height=\"356\" \/><\/div>\n<div><\/div>\n<div style=\"text-align: justify;\">No obstante, CONFEMETAL representa a m\u00e1s de noventa mil empresas, que dan trabajo a m\u00e1s de un mill\u00f3n de personas, y act\u00faa en representaci\u00f3n de los intereses de estos negocios ante las administraciones p\u00fablicas y sindicatos.<\/div>\n<div style=\"text-align: justify;\"><\/div>\n<div style=\"text-align: justify;\">En su 40\u00ba aniversario, pues su fundaci\u00f3n data de 1979, se ha erigido como la organizaci\u00f3n de referencia del sector industrial espa\u00f1ol, as\u00ed como su principal portavoz y representante en la Confederaci\u00f3n Espa\u00f1ola de Organizaciones Empresariales (CEOE) y en la Confederaci\u00f3n Espa\u00f1ola de la Peque\u00f1a y Mediana Empresa (CEPYME).<\/div>\n<div><\/div>\n<div><img decoding=\"async\" class=\"alignnone wp-image-10337\" src=\"https:\/\/femepa.org\/web\/wp-content\/uploads\/2020\/01\/Vicente-Marrero-con-Felipe-VI-300x226.jpg\" alt=\"\" width=\"519\" height=\"374\" \/><\/div>\n<div><\/div>\n<div><em><em>Fotos: <\/em><\/em><strong><em>\u00a9 Casa de S.M. el Rey<\/em><\/strong><\/div>\n","protected":false},"excerpt":{"rendered":"<p>El pasado viernes, 10 de enero de 2020, Su Majestad el Rey recibi\u00f3 en audiencia a los representantes de la Confederaci\u00f3n Espa\u00f1ola de Organizaciones Empresariales del Metal (CONFEMETAL), entre los que se encontraba el presidente de Femepa, Vicente Marrero. La cita tuvo lugar en el Palacio de La Zarzuela, donde posteriormente los miembros de CONFEMETAL [&hellip;]<\/p>\n","protected":false},"author":4,"featured_media":10970,"comment_status":"closed","ping_status":"closed","sticky":false,"template":"","format":"standard","meta":{"_acf_changed":false,"rs_blank_template":"","rs_page_bg_color":"#ffffff","slide_template_v7":"","footnotes":""},"categories":[1],"tags":[272,1285,1286,1287,1288,137],"class_list":["post-10324","post","type-post","status-publish","format-standard","has-post-thumbnail","hentry","category-sin-categoria","tag-ceoe","tag-cepyme","tag-confemetal","tag-palacio-de-la-zarzuela","tag-presidente-de-femepa","tag-vicente-marrero"],"acf":[],"_links":{"self":[{"href":"https:\/\/femepa.org\/web\/wp-json\/wp\/v2\/posts\/10324","targetHints":{"allow":["GET"]}}],"collection":[{"href":"https:\/\/femepa.org\/web\/wp-json\/wp\/v2\/posts"}],"about":[{"href":"https:\/\/femepa.org\/web\/wp-json\/wp\/v2\/types\/post"}],"author":[{"embeddable":true,"href":"https:\/\/femepa.org\/web\/wp-json\/wp\/v2\/users\/4"}],"replies":[{"embeddable":true,"href":"https:\/\/femepa.org\/web\/wp-json\/wp\/v2\/comments?post=10324"}],"version-history":[{"count":0,"href":"https:\/\/femepa.org\/web\/wp-json\/wp\/v2\/posts\/10324\/revisions"}],"wp:featuredmedia":[{"embeddable":true,"href":"https:\/\/femepa.org\/web\/wp-json\/wp\/v2\/media\/10970"}],"wp:attachment":[{"href":"https:\/\/femepa.org\/web\/wp-json\/wp\/v2\/media?parent=10324"}],"wp:term":[{"taxonomy":"category","embeddable":true,"href":"https:\/\/femepa.org\/web\/wp-json\/wp\/v2\/categories?post=10324"},{"taxonomy":"post_tag","embeddable":true,"href":"https:\/\/femepa.org\/web\/wp-json\/wp\/v2\/tags?post=10324"}],"curies":[{"name":"wp","href":"https:\/\/api.w.org\/{rel}","templated":true}]}}