{"id":10330,"date":"2020-01-11T12:20:00","date_gmt":"2020-01-11T12:20:00","guid":{"rendered":"https:\/\/femepa.org\/web\/?p=10330"},"modified":"2020-01-11T12:20:00","modified_gmt":"2020-01-11T12:20:00","slug":"la-presentacion-de-la-edicion-no-12-de-la-revista-ingenieria-del-mantenimiento-en-canarias-se-celebrara-este-jueves-en-infecar","status":"publish","type":"post","link":"https:\/\/femepa.org\/web\/la-presentacion-de-la-edicion-no-12-de-la-revista-ingenieria-del-mantenimiento-en-canarias-se-celebrara-este-jueves-en-infecar\/","title":{"rendered":"La presentaci\u00f3n de la edici\u00f3n n\u00ba 12 de la revista \u2018Ingenier\u00eda del Mantenimiento en Canarias\u2019 se celebrar\u00e1 este jueves en Infecar"},"content":{"rendered":"<div style=\"text-align: justify;\">El Hall Roque Nublo del Palacio de Congresos Gran Canaria, en Infecar, acoger\u00e1 este jueves, 16 de enero de 2020, a partir de las 19:00 horas, la presentaci\u00f3n de una nueva edici\u00f3n, y ya van doce, de la Revista \u201cIngenier\u00eda del Mantenimiento en Canarias\u201d.<\/div>\n<div style=\"text-align: justify;\"><\/div>\n<div style=\"text-align: justify;\">Este acto, que durar\u00e1 una hora aproximadamente, ser\u00e1 presentado por\u00a0<strong>Luis Garc\u00eda Mart\u00edn<\/strong>, presidente de la Asociaci\u00f3n de Empresas de Mantenimiento Industrial (AEMIN), asociada a Femepa, y tambi\u00e9n editor y director de la edici\u00f3n n\u00famero 12 de esta publicaci\u00f3n.<\/div>\n<div style=\"text-align: justify;\"><\/div>\n<div style=\"text-align: justify;\">Asimismo, esta presentaci\u00f3n contar\u00e1 con una nutrida agenda, que se iniciar\u00e1 con la disertaci\u00f3n de <strong>Jos\u00e9 Antonio Carta Gonz\u00e1lez<\/strong>, catedr\u00e1tico de Ingenier\u00eda Mec\u00e1nica de la Universidad de Las Palmas de Gran Canaria (ULPGC), al que le seguir\u00e1 la puesta en escena, por parte del presidente del Cabildo de Gran Canaria, <strong>Antonio Morales M\u00e9ndez<\/strong>, del papel de la Central Hidroel\u00e9ctrica de Gran Canaria (Chira-Soria) en la soberan\u00eda energ\u00e9tica de la isla. Yonay Concepci\u00f3n Guodemar, autor del art\u00edculo, tambi\u00e9n intervendr\u00e1 en este apartado.<\/div>\n<div style=\"text-align: justify;\"><\/div>\n<div style=\"text-align: justify;\">Por otro lado, se llevar\u00e1n a cabo las presentaciones de las acciones del Foro Marino Europeo en Ensayos No Destructivos de la Federaci\u00f3n Europea de Ensayos No Destructivos y de las Jornadas sobre Mantenimiento y Fiabilidad en el sector Turismo, integradas en la Feria ATLANTUR 2020.<\/div>\n<div style=\"text-align: justify;\"><\/div>\n<div style=\"text-align: justify;\">A continuaci\u00f3n, se realizar\u00e1 el anuncio del VII Congreso Espa\u00f1ol de Mantenimiento de la Asociaci\u00f3n Espa\u00f1ola de Mantenimiento (AEM) y el XXI Congreso Internacional de la Federaci\u00f3n Iberoamericana de Mantenimiento (FIM), para concluir con las distinciones a personas e instituciones relevantes, relacionadas con la Ingenier\u00eda, la disciplina del Mantenimiento y la Formaci\u00f3n en este campo.<\/div>\n<div style=\"text-align: justify;\"><\/div>\n<div style=\"text-align: justify;\">Por \u00faltimo, la entrada a esta presentaci\u00f3n ser\u00e1 gratuita, pero se ruega confirmar asistencia, a efectos de organizaci\u00f3n, a trav\u00e9s del e-mail\u00a0<a class=\"mailto-link\" href=\"mailto:info@tbn.es\" target=\"_blank\" rel=\"noopener noreferrer\">info@tbn.es<\/a>\u00a0o el tel\u00e9fono 928 297 356, ya que al finalizar el evento tendr\u00e1 lugar un c\u00f3ctel, donde se podr\u00e1 conversar con los autores de los diferentes art\u00edculos.<\/div>\n","protected":false},"excerpt":{"rendered":"<p>El Hall Roque Nublo del Palacio de Congresos Gran Canaria, en Infecar, acoger\u00e1 este jueves, 16 de enero de 2020, a partir de las 19:00 horas, la presentaci\u00f3n de una nueva edici\u00f3n, y ya van doce, de la Revista \u201cIngenier\u00eda del Mantenimiento en Canarias\u201d. Este acto, que durar\u00e1 una hora aproximadamente, ser\u00e1 presentado por\u00a0Luis Garc\u00eda [&hellip;]<\/p>\n","protected":false},"author":4,"featured_media":10329,"comment_status":"closed","ping_status":"closed","sticky":false,"template":"","format":"standard","meta":{"_acf_changed":false,"rs_blank_template":"","rs_page_bg_color":"","slide_template_v7":"","footnotes":""},"categories":[1],"tags":[528,1289,1290,116,1291,1292,1293],"class_list":["post-10330","post","type-post","status-publish","format-standard","has-post-thumbnail","hentry","category-sin-categoria","tag-aemin","tag-antonio-morales-mendez","tag-asociacion-de-empresas-de-mantenimiento-industrial","tag-infecar","tag-ingenieria-del-mantenimiento-en-canarias","tag-jose-antonio-carta-gonzalez","tag-luis-garcia-martin"],"acf":[],"_links":{"self":[{"href":"https:\/\/femepa.org\/web\/wp-json\/wp\/v2\/posts\/10330","targetHints":{"allow":["GET"]}}],"collection":[{"href":"https:\/\/femepa.org\/web\/wp-json\/wp\/v2\/posts"}],"about":[{"href":"https:\/\/femepa.org\/web\/wp-json\/wp\/v2\/types\/post"}],"author":[{"embeddable":true,"href":"https:\/\/femepa.org\/web\/wp-json\/wp\/v2\/users\/4"}],"replies":[{"embeddable":true,"href":"https:\/\/femepa.org\/web\/wp-json\/wp\/v2\/comments?post=10330"}],"version-history":[{"count":0,"href":"https:\/\/femepa.org\/web\/wp-json\/wp\/v2\/posts\/10330\/revisions"}],"wp:featuredmedia":[{"embeddable":true,"href":"https:\/\/femepa.org\/web\/wp-json\/wp\/v2\/media\/10329"}],"wp:attachment":[{"href":"https:\/\/femepa.org\/web\/wp-json\/wp\/v2\/media?parent=10330"}],"wp:term":[{"taxonomy":"category","embeddable":true,"href":"https:\/\/femepa.org\/web\/wp-json\/wp\/v2\/categories?post=10330"},{"taxonomy":"post_tag","embeddable":true,"href":"https:\/\/femepa.org\/web\/wp-json\/wp\/v2\/tags?post=10330"}],"curies":[{"name":"wp","href":"https:\/\/api.w.org\/{rel}","templated":true}]}}