{"id":10332,"date":"2020-01-11T20:25:36","date_gmt":"2020-01-11T20:25:36","guid":{"rendered":"https:\/\/femepa.org\/web\/?p=10332"},"modified":"2020-01-11T20:25:36","modified_gmt":"2020-01-11T20:25:36","slug":"atare-en-el-programa-el-enfoque-sobre-la-economia-sumergida-en-canarias","status":"publish","type":"post","link":"https:\/\/femepa.org\/web\/atare-en-el-programa-el-enfoque-sobre-la-economia-sumergida-en-canarias\/","title":{"rendered":"ATARE, en el programa \u201cEl Enfoque\u201d sobre la econom\u00eda sumergida en Canarias"},"content":{"rendered":"<p style=\"text-align: justify;\">El espacio de an\u00e1lisis y comentario de la actualidad de RTVC, \u201cEl Enfoque\u201d, dedicaba uno de sus programas a mostrar c\u00f3mo afecta a Canarias el fen\u00f3meno de la econom\u00eda sumergida, as\u00ed como su consecuente repercusi\u00f3n en las arcas p\u00fablicas y en los servicios esenciales.<\/p>\n<p style=\"text-align: justify;\">En este sentido, \u201cEl Enfoque\u201d aportaba cifras de esta realidad, asegurando que \u201csi hay un sector donde proliferan los negocios piratas, ese es el de los talleres mec\u00e1nicos; en Espa\u00f1a, dos de cada diez son ilegales\u201d, al tiempo que a\u00f1ad\u00eda: \u201cSu presencia supone unas p\u00e9rdidas para los que s\u00ed cumplen la normativa de unos 3.500 millones de euros anuales\u201d. \u201cUn fen\u00f3meno que tambi\u00e9n se da en Canarias\u201d, matizaba.<\/p>\n<p style=\"text-align: justify;\">A continuaci\u00f3n, una reportera del programa visitaba el negocio de <strong>Jos\u00e9 Rodr\u00edguez<\/strong>, vicepresidente de la Asociaci\u00f3n de Empresas de Reparaciones de Veh\u00edculos (ATARE), que declaraba: \u201cLlevamos bastantes a\u00f1os ya luchando contra talleres que no est\u00e1n dados de alta, porque al colectivo que pagamos los impuestos nos est\u00e1 haciendo bastante da\u00f1o, incluso en imagen. En los \u00faltimos a\u00f1os, hemos realizado m\u00e1s de 300 denuncias, porque adem\u00e1s est\u00e1n defraudando al usuario, ya que sin factura no puede reclamar nada\u201d.<\/p>\n<p style=\"text-align: justify;\">Finalmente, Rodr\u00edguez explicaba que los talleres legales cuentan, \u201cen la fachada del edificio, con las placas de residuos t\u00f3xicos y de Industria\u201d, mientras se mostraba el identificativo de la campa\u00f1a \u201cYoSoyLegal\u201d, promovida conjuntamente por Femepa y Femete, para la lucha contra la econom\u00eda sumergida.<\/p>\n<p><iframe title=\"ATARE, EN EL PROGRAMA &quot;EL ENFOQUE&quot; DE RTVC\" width=\"500\" height=\"281\" src=\"https:\/\/www.youtube.com\/embed\/Mvhem27b9_c?feature=oembed\" frameborder=\"0\" allow=\"accelerometer; autoplay; clipboard-write; encrypted-media; gyroscope; picture-in-picture; web-share\" referrerpolicy=\"strict-origin-when-cross-origin\" allowfullscreen><\/iframe><\/p>\n","protected":false},"excerpt":{"rendered":"<p>El espacio de an\u00e1lisis y comentario de la actualidad de RTVC, \u201cEl Enfoque\u201d, dedicaba uno de sus programas a mostrar c\u00f3mo afecta a Canarias el fen\u00f3meno de la econom\u00eda sumergida, as\u00ed como su consecuente repercusi\u00f3n en las arcas p\u00fablicas y en los servicios esenciales. En este sentido, \u201cEl Enfoque\u201d aportaba cifras de esta realidad, asegurando [&hellip;]<\/p>\n","protected":false},"author":4,"featured_media":10328,"comment_status":"closed","ping_status":"closed","sticky":false,"template":"","format":"standard","meta":{"_acf_changed":false,"rs_blank_template":"","rs_page_bg_color":"","slide_template_v7":"","footnotes":""},"categories":[1],"tags":[1294,258,1295,64,320,1283,1296],"class_list":["post-10332","post","type-post","status-publish","format-standard","has-post-thumbnail","hentry","category-sin-categoria","tag-asociacion-de-empresas-de-reparaciones-de-vehiculos","tag-atare","tag-el-enfoque","tag-femepa","tag-femete","tag-jose-rodriguez-robayna","tag-rtvc"],"acf":[],"_links":{"self":[{"href":"https:\/\/femepa.org\/web\/wp-json\/wp\/v2\/posts\/10332","targetHints":{"allow":["GET"]}}],"collection":[{"href":"https:\/\/femepa.org\/web\/wp-json\/wp\/v2\/posts"}],"about":[{"href":"https:\/\/femepa.org\/web\/wp-json\/wp\/v2\/types\/post"}],"author":[{"embeddable":true,"href":"https:\/\/femepa.org\/web\/wp-json\/wp\/v2\/users\/4"}],"replies":[{"embeddable":true,"href":"https:\/\/femepa.org\/web\/wp-json\/wp\/v2\/comments?post=10332"}],"version-history":[{"count":0,"href":"https:\/\/femepa.org\/web\/wp-json\/wp\/v2\/posts\/10332\/revisions"}],"wp:featuredmedia":[{"embeddable":true,"href":"https:\/\/femepa.org\/web\/wp-json\/wp\/v2\/media\/10328"}],"wp:attachment":[{"href":"https:\/\/femepa.org\/web\/wp-json\/wp\/v2\/media?parent=10332"}],"wp:term":[{"taxonomy":"category","embeddable":true,"href":"https:\/\/femepa.org\/web\/wp-json\/wp\/v2\/categories?post=10332"},{"taxonomy":"post_tag","embeddable":true,"href":"https:\/\/femepa.org\/web\/wp-json\/wp\/v2\/tags?post=10332"}],"curies":[{"name":"wp","href":"https:\/\/api.w.org\/{rel}","templated":true}]}}