{"id":10354,"date":"2020-01-14T12:59:53","date_gmt":"2020-01-14T12:59:53","guid":{"rendered":"https:\/\/femepa.org\/web\/?p=10354"},"modified":"2020-01-14T12:59:53","modified_gmt":"2020-01-14T12:59:53","slug":"subvencion-convocatoria-2020-eficiencia-energetica-y-eerr-en-empresas-y-edificios-residenciales","status":"publish","type":"post","link":"https:\/\/femepa.org\/web\/subvencion-convocatoria-2020-eficiencia-energetica-y-eerr-en-empresas-y-edificios-residenciales\/","title":{"rendered":"Subvenci\u00f3n convocatoria 2020 Eficiencia Energ\u00e9tica y EERR en Empresas y Edificios Residenciales"},"content":{"rendered":"<table width=\"91%\">\n<tbody>\n<tr>\n<td width=\"99%\"><strong>Objetivo<\/strong><\/p>\n<p>Proyectos susceptibles de las subvenciones habr\u00e1n de conseguir una reducci\u00f3n de las emisiones de di\u00f3xido de carbono, mediante la mejora de la eficiencia energ\u00e9tica o la utilizaci\u00f3n de fuentes de energ\u00edas renovables, a trav\u00e9s de alguna o varias de las l\u00edneas de cada sector que se establecen en la base 6 de las bases reguladoras.<\/p>\n<p><strong>Organismo<\/strong><\/p>\n<p>Gobierno de Canarias. Consejer\u00eda de Transici\u00f3n Ecol\u00f3gica, Lucha contra el Cambio Clim\u00e1tico y Planificaci\u00f3n Territorial.<\/p>\n<p><strong>Plazo solicitud<\/strong><\/p>\n<p>Se iniciar\u00e1 el d\u00eda 16 de enero de 2020 a las 9:00 horas y finalizar\u00e1 el d\u00eda 15 de febrero a las 23:59 horas. Cuando el \u00faltimo d\u00eda del plazo sea inh\u00e1bil, se entender\u00e1 prorrogado al primer d\u00eda h\u00e1bil siguiente, y se realizar\u00e1 a trav\u00e9s de:<\/p>\n<p>Para personas jur\u00eddicas obligatoriamente a trav\u00e9s del registro electr\u00f3nico de la Sede Electr\u00f3nica del Gobierno de Canarias, a trav\u00e9s del aplicativo inform\u00e1tico de gesti\u00f3n de la convocatoria, ubicado en la sede electr\u00f3nica: <a href=\"https:\/\/sede.gobcan.es\/sede\/tramites\/6281\">https:\/\/sede.gobcan.es\/sede\/tramites\/6281<\/a>.<\/p>\n<p><strong>Beneficiarios<\/strong><\/p>\n<p>Empresas, titulares de viviendas, comunidades de propietarios y mancomunidades de propietarios.<\/p>\n<p><strong>Plazo de ejecuci\u00f3n<\/strong><\/p>\n<p>Desde el 01 de enero de 2020, hasta el 20 de septiembre de 2020.<\/p>\n<p><strong>Actuaciones<\/strong><\/p>\n<p>A. Mejora de la tecnolog\u00eda en equipos y procesos industriales. (Empresas)<\/p>\n<p>B. Medidas de eficiencia energ\u00e9tica en edificios: (Empresas y Residencial)<\/p>\n<p>C. Energ\u00edas renovables para producci\u00f3n de electricidad en edificaciones, infraestructuras e instalaciones: (Empresas y Residencial)<\/p>\n<p>D. Energ\u00edas renovables para usos t\u00e9rmicos en edificaci\u00f3n (incluye infraestructuras e instalaciones para el sector empresas)<\/p>\n<p><strong>Importe de la ayuda<\/strong><\/p>\n<p>Inversi\u00f3n m\u00ednima de 33.000\u20ac, y m\u00e1xima de 133.333\u20ac. Financiable v\u00eda subvenci\u00f3n hasta el 45%.<\/p>\n<p>Subvenci\u00f3n compatible con otras ayudas para la misma actividad.<\/p>\n<p>Ayudas bajo el reglamento de m\u00ednimis en las actuaciones de mejora de la EE en edificios.<\/p>\n<p><em>\u00a0<\/em><\/p>\n<p><em>Para m\u00e1s informaci\u00f3n, puedes contactar con la T\u00e9cnica de Innovaci\u00f3n de Femepa: 928296161; <\/em><a href=\"mailto:obdulia.martin@femepa.es\"><em>obdulia.martin@femepa.es<\/em><\/a><\/td>\n<\/tr>\n<\/tbody>\n<\/table>\n","protected":false},"excerpt":{"rendered":"<p>Objetivo Proyectos susceptibles de las subvenciones habr\u00e1n de conseguir una reducci\u00f3n de las emisiones de di\u00f3xido de carbono, mediante la mejora de la eficiencia energ\u00e9tica o la utilizaci\u00f3n de fuentes de energ\u00edas renovables, a trav\u00e9s de alguna o varias de las l\u00edneas de cada sector que se establecen en la base 6 de las bases [&hellip;]<\/p>\n","protected":false},"author":4,"featured_media":10356,"comment_status":"closed","ping_status":"closed","sticky":false,"template":"","format":"standard","meta":{"_acf_changed":false,"rs_blank_template":"","rs_page_bg_color":"","slide_template_v7":"","footnotes":""},"categories":[1],"tags":[671,487],"class_list":["post-10354","post","type-post","status-publish","format-standard","has-post-thumbnail","hentry","category-sin-categoria","tag-eficiencia-energetica","tag-energias-renovables"],"acf":[],"_links":{"self":[{"href":"https:\/\/femepa.org\/web\/wp-json\/wp\/v2\/posts\/10354","targetHints":{"allow":["GET"]}}],"collection":[{"href":"https:\/\/femepa.org\/web\/wp-json\/wp\/v2\/posts"}],"about":[{"href":"https:\/\/femepa.org\/web\/wp-json\/wp\/v2\/types\/post"}],"author":[{"embeddable":true,"href":"https:\/\/femepa.org\/web\/wp-json\/wp\/v2\/users\/4"}],"replies":[{"embeddable":true,"href":"https:\/\/femepa.org\/web\/wp-json\/wp\/v2\/comments?post=10354"}],"version-history":[{"count":0,"href":"https:\/\/femepa.org\/web\/wp-json\/wp\/v2\/posts\/10354\/revisions"}],"wp:featuredmedia":[{"embeddable":true,"href":"https:\/\/femepa.org\/web\/wp-json\/wp\/v2\/media\/10356"}],"wp:attachment":[{"href":"https:\/\/femepa.org\/web\/wp-json\/wp\/v2\/media?parent=10354"}],"wp:term":[{"taxonomy":"category","embeddable":true,"href":"https:\/\/femepa.org\/web\/wp-json\/wp\/v2\/categories?post=10354"},{"taxonomy":"post_tag","embeddable":true,"href":"https:\/\/femepa.org\/web\/wp-json\/wp\/v2\/tags?post=10354"}],"curies":[{"name":"wp","href":"https:\/\/api.w.org\/{rel}","templated":true}]}}