{"id":10443,"date":"2020-01-24T11:00:23","date_gmt":"2020-01-24T11:00:23","guid":{"rendered":"https:\/\/femepa.org\/web\/?p=10443"},"modified":"2020-01-24T11:00:23","modified_gmt":"2020-01-24T11:00:23","slug":"primera-toma-de-contacto-entre-aserpa-y-la-directora-general-de-energia-del-gobierno-de-canarias","status":"publish","type":"post","link":"https:\/\/femepa.org\/web\/primera-toma-de-contacto-entre-aserpa-y-la-directora-general-de-energia-del-gobierno-de-canarias\/","title":{"rendered":"Primera toma de contacto entre ASERPA y la directora general de Energ\u00eda del Gobierno de Canarias"},"content":{"rendered":"<p style=\"text-align: justify;\">El edificio de usos m\u00faltiples II de Las Palmas de Gran Canaria era testigo, el pasado martes, de la reuni\u00f3n entre la Asociaci\u00f3n de Empresas de Energ\u00edas Renovables, Ahorro y Eficiencia Energ\u00e9tica de Las Palmas (ASERPA) y la directora general de Energ\u00eda del Gobierno de Canarias, <strong>Rosana Meli\u00e1n Dom\u00ednguez<\/strong>.<\/p>\n<p style=\"text-align: justify;\">La finalidad del encuentro era dar a conocer la labor de este colectivo en el sector de las renovables, as\u00ed como proponer l\u00edneas de actuaci\u00f3n que mejoren su gesti\u00f3n e implantaci\u00f3n en el archipi\u00e9lago canario.<\/p>\n<p style=\"text-align: justify;\">Por parte de ASERPA, acudieron a esta importante cita: el presidente, <strong>Carlos Rodr\u00edguez<\/strong>; la vicepresidenta, <strong>Patricia Jim\u00e9nez<\/strong>; el secretario t\u00e9cnico, <strong>Kurt Engel<\/strong>; los directivos <strong>Miguel Llinas<\/strong> y <strong>Pablo Gonz\u00e1lez<\/strong>; el asesor, <strong>Fernando Caballero<\/strong>; y el t\u00e9cnico, <strong>Eduardo Fern\u00e1ndez<\/strong>. Todos ellos se mostraron muy satisfechos con el inter\u00e9s mostrado por Meli\u00e1n, tanto en las propuestas planteadas como por los argumentos presentados.<\/p>\n","protected":false},"excerpt":{"rendered":"<p>El edificio de usos m\u00faltiples II de Las Palmas de Gran Canaria era testigo, el pasado martes, de la reuni\u00f3n entre la Asociaci\u00f3n de Empresas de Energ\u00edas Renovables, Ahorro y Eficiencia Energ\u00e9tica de Las Palmas (ASERPA) y la directora general de Energ\u00eda del Gobierno de Canarias, Rosana Meli\u00e1n Dom\u00ednguez. La finalidad del encuentro era dar [&hellip;]<\/p>\n","protected":false},"author":4,"featured_media":10444,"comment_status":"closed","ping_status":"closed","sticky":false,"template":"","format":"standard","meta":{"_acf_changed":false,"rs_blank_template":"","rs_page_bg_color":"","slide_template_v7":"","footnotes":""},"categories":[1],"tags":[93,1214,1321,1215,1284,1322,1323,1324,1325],"class_list":["post-10443","post","type-post","status-publish","format-standard","has-post-thumbnail","hentry","category-sin-categoria","tag-aserpa","tag-carlos-rodriguez","tag-eduardo-fernandez","tag-fernando-caballero","tag-kurt-engel","tag-miguel-llinas","tag-pablo-gonzalez","tag-patricia-jimenez","tag-rosa-ana-melian-domiinguez"],"acf":[],"_links":{"self":[{"href":"https:\/\/femepa.org\/web\/wp-json\/wp\/v2\/posts\/10443","targetHints":{"allow":["GET"]}}],"collection":[{"href":"https:\/\/femepa.org\/web\/wp-json\/wp\/v2\/posts"}],"about":[{"href":"https:\/\/femepa.org\/web\/wp-json\/wp\/v2\/types\/post"}],"author":[{"embeddable":true,"href":"https:\/\/femepa.org\/web\/wp-json\/wp\/v2\/users\/4"}],"replies":[{"embeddable":true,"href":"https:\/\/femepa.org\/web\/wp-json\/wp\/v2\/comments?post=10443"}],"version-history":[{"count":0,"href":"https:\/\/femepa.org\/web\/wp-json\/wp\/v2\/posts\/10443\/revisions"}],"wp:featuredmedia":[{"embeddable":true,"href":"https:\/\/femepa.org\/web\/wp-json\/wp\/v2\/media\/10444"}],"wp:attachment":[{"href":"https:\/\/femepa.org\/web\/wp-json\/wp\/v2\/media?parent=10443"}],"wp:term":[{"taxonomy":"category","embeddable":true,"href":"https:\/\/femepa.org\/web\/wp-json\/wp\/v2\/categories?post=10443"},{"taxonomy":"post_tag","embeddable":true,"href":"https:\/\/femepa.org\/web\/wp-json\/wp\/v2\/tags?post=10443"}],"curies":[{"name":"wp","href":"https:\/\/api.w.org\/{rel}","templated":true}]}}