{"id":10450,"date":"2020-01-26T23:06:41","date_gmt":"2020-01-26T23:06:41","guid":{"rendered":"https:\/\/femepa.org\/web\/?p=10450"},"modified":"2020-01-26T23:06:41","modified_gmt":"2020-01-26T23:06:41","slug":"femepa-consigue-una-subvencion-del-cabildo-de-gran-canaria-para-remodelar-el-p-i-de-salinetas","status":"publish","type":"post","link":"https:\/\/femepa.org\/web\/femepa-consigue-una-subvencion-del-cabildo-de-gran-canaria-para-remodelar-el-p-i-de-salinetas\/","title":{"rendered":"Femepa consigue una subvenci\u00f3n del Cabildo de Gran Canaria para remodelar el P.I. de Salinetas"},"content":{"rendered":"<div style=\"text-align: justify;\">Ya est\u00e1n a punto de finalizar las obras de limpieza y asfaltado del Pol\u00edgono Industrial de Salinetas (Telde), que unir\u00e1 las dos partes de las que consta y que suman un total de 18 calles. Con ellas, se pretende convertir a este parque en uno de los principales motores econ\u00f3micos del municipio y, en consecuencia, de Gran Canaria.<\/div>\n<div style=\"text-align: justify;\"><\/div>\n<div style=\"text-align: justify;\">Esta obra se presenta como una herramienta de soporte de acciones de mejora de la calidad y competitividad de la actividad empresarial, con el fin de estimular el dinamismo econ\u00f3mico y la generaci\u00f3n de empleo.<\/div>\n<div style=\"text-align: justify;\"><\/div>\n<div style=\"text-align: justify;\">Desde la Oficina T\u00e9cnica de \u00e1reas industriales y parques empresariales de Femepa, de la que <strong>Mar\u00eda del Pino Rodr\u00edguez<\/strong> es secretaria t\u00e9cnica, se ha gestionado esta remodelaci\u00f3n con las administraciones p\u00fablicas, obteniendo una subvenci\u00f3n para ello, de la mano del Cabildo de Gran Canaria, por valor del coste total de los trabajos. Y es que el fin \u00faltimo de Femepa es posicionar las diferentes \u00e1reas empresariales como zonas productivas dentro del complejo entramado empresarial.<\/div>\n<div><\/div>\n<div><em>FOTO: Canarias7<\/em><\/div>\n","protected":false},"excerpt":{"rendered":"<p>Ya est\u00e1n a punto de finalizar las obras de limpieza y asfaltado del Pol\u00edgono Industrial de Salinetas (Telde), que unir\u00e1 las dos partes de las que consta y que suman un total de 18 calles. Con ellas, se pretende convertir a este parque en uno de los principales motores econ\u00f3micos del municipio y, en consecuencia, [&hellip;]<\/p>\n","protected":false},"author":4,"featured_media":10451,"comment_status":"closed","ping_status":"closed","sticky":false,"template":"","format":"standard","meta":{"_acf_changed":false,"rs_blank_template":"","rs_page_bg_color":"","slide_template_v7":"","footnotes":""},"categories":[1],"tags":[636,64,1174,1326,1327,1159],"class_list":["post-10450","post","type-post","status-publish","format-standard","has-post-thumbnail","hentry","category-sin-categoria","tag-cabildo-de-gran-canaria","tag-femepa","tag-maria-del-pino-rodriguez","tag-oficina-tecnica-de-areas-industriales-y-parques-empresariales","tag-poligono-industrial-de-salinetas","tag-telde"],"acf":[],"_links":{"self":[{"href":"https:\/\/femepa.org\/web\/wp-json\/wp\/v2\/posts\/10450","targetHints":{"allow":["GET"]}}],"collection":[{"href":"https:\/\/femepa.org\/web\/wp-json\/wp\/v2\/posts"}],"about":[{"href":"https:\/\/femepa.org\/web\/wp-json\/wp\/v2\/types\/post"}],"author":[{"embeddable":true,"href":"https:\/\/femepa.org\/web\/wp-json\/wp\/v2\/users\/4"}],"replies":[{"embeddable":true,"href":"https:\/\/femepa.org\/web\/wp-json\/wp\/v2\/comments?post=10450"}],"version-history":[{"count":0,"href":"https:\/\/femepa.org\/web\/wp-json\/wp\/v2\/posts\/10450\/revisions"}],"wp:featuredmedia":[{"embeddable":true,"href":"https:\/\/femepa.org\/web\/wp-json\/wp\/v2\/media\/10451"}],"wp:attachment":[{"href":"https:\/\/femepa.org\/web\/wp-json\/wp\/v2\/media?parent=10450"}],"wp:term":[{"taxonomy":"category","embeddable":true,"href":"https:\/\/femepa.org\/web\/wp-json\/wp\/v2\/categories?post=10450"},{"taxonomy":"post_tag","embeddable":true,"href":"https:\/\/femepa.org\/web\/wp-json\/wp\/v2\/tags?post=10450"}],"curies":[{"name":"wp","href":"https:\/\/api.w.org\/{rel}","templated":true}]}}