{"id":10495,"date":"2020-02-03T23:26:27","date_gmt":"2020-02-03T23:26:27","guid":{"rendered":"https:\/\/femepa.org\/web\/?p=10495"},"modified":"2020-02-03T23:26:27","modified_gmt":"2020-02-03T23:26:27","slug":"femepa-y-ciudad-de-mar-dan-la-bienvenida-al-alumnado-frances-que-realizara-sus-practicas-del-sector-marino-maritimo-en-las-palmas-de-gran-canaria","status":"publish","type":"post","link":"https:\/\/femepa.org\/web\/femepa-y-ciudad-de-mar-dan-la-bienvenida-al-alumnado-frances-que-realizara-sus-practicas-del-sector-marino-maritimo-en-las-palmas-de-gran-canaria\/","title":{"rendered":"Femepa y Ciudad de Mar dan la bienvenida al alumnado franc\u00e9s que realizar\u00e1 sus pr\u00e1cticas del sector marino mar\u00edtimo en Las Palmas de Gran Canaria"},"content":{"rendered":"<p class=\"has-text-align-justify\" style=\"text-align: justify;\">Hasta el 28 de marzo, doce alumnos franceses del curso\u00a0<em>\u201cConstructeur am\u00e9nageur nautique bois et composites\u201d<\/em>\u00a0(\u201cDesarrollador\/a n\u00e1utico de madera y composite\u201d), que imparte el prestigioso centro p\u00fablico Afpa, de La Rochelle (Francia), realizar\u00e1n sus pr\u00e1cticas en la capital grancanaria, donde tendr\u00e1n que construir dos botes de vela latina. Para ello, la empresa \u201cMaderas Viera\u201d aportar\u00e1 este material, as\u00ed como la Federaci\u00f3n Canaria de Vela Latina se encargar\u00e1 de ceder las instalaciones, las herramientas y la maquinaria correspondiente para fabricar ambas embarcaciones.<\/p>\n<p class=\"has-text-align-justify\" style=\"text-align: justify;\">En este sentido, los promotores de este proyecto piloto, que son: los ayuntamientos de Las Palmas de Gran Canaria y La Rochelle, Femepa y la Federaci\u00f3n Canaria de Vela Latina, han dado la bienvenida este lunes -en la concejal\u00eda de \u2018Ciudad de Mar\u2019- a este grupo de alumnos y docentes franceses, a los que se ha unido un formador local, especializado en carpinter\u00eda de Ribera.<\/p>\n<div class=\"wp-block-image\">\n<figure class=\"aligncenter size-large is-resized\"><img fetchpriority=\"high\" decoding=\"async\" class=\"wp-image-65\" src=\"https:\/\/noticiasfemepa.files.wordpress.com\/2020\/02\/49482583958_d1b1f33dbc_c.jpg?w=799\" sizes=\"(max-width: 599px) 100vw, 599px\" srcset=\"https:\/\/noticiasfemepa.files.wordpress.com\/2020\/02\/49482583958_d1b1f33dbc_c.jpg?w=599 599w, https:\/\/noticiasfemepa.files.wordpress.com\/2020\/02\/49482583958_d1b1f33dbc_c.jpg?w=150 150w, https:\/\/noticiasfemepa.files.wordpress.com\/2020\/02\/49482583958_d1b1f33dbc_c.jpg?w=300 300w, https:\/\/noticiasfemepa.files.wordpress.com\/2020\/02\/49482583958_d1b1f33dbc_c.jpg?w=768 768w, https:\/\/noticiasfemepa.files.wordpress.com\/2020\/02\/49482583958_d1b1f33dbc_c.jpg 799w\" alt=\"\" width=\"599\" height=\"399\" data-attachment-id=\"65\" data-permalink=\"https:\/\/noticiasfemepa.org\/49482583958_d1b1f33dbc_c\/\" data-orig-file=\"https:\/\/noticiasfemepa.files.wordpress.com\/2020\/02\/49482583958_d1b1f33dbc_c.jpg\" data-orig-size=\"799,533\" data-comments-opened=\"1\" data-image-meta=\"{&quot;aperture&quot;:&quot;0&quot;,&quot;credit&quot;:&quot;&quot;,&quot;camera&quot;:&quot;Canon EOS 7D&quot;,&quot;caption&quot;:&quot;&quot;,&quot;created_timestamp&quot;:&quot;1580724790&quot;,&quot;copyright&quot;:&quot;&quot;,&quot;focal_length&quot;:&quot;18&quot;,&quot;iso&quot;:&quot;250&quot;,&quot;shutter_speed&quot;:&quot;0.04&quot;,&quot;title&quot;:&quot;&quot;,&quot;orientation&quot;:&quot;0&quot;}\" data-image-title=\"49482583958_d1b1f33dbc_c\" data-image-description=\"\" data-medium-file=\"https:\/\/noticiasfemepa.files.wordpress.com\/2020\/02\/49482583958_d1b1f33dbc_c.jpg?w=300\" data-large-file=\"https:\/\/noticiasfemepa.files.wordpress.com\/2020\/02\/49482583958_d1b1f33dbc_c.jpg?w=799\" \/><\/figure>\n<\/div>\n<p class=\"has-text-align-justify\" style=\"text-align: justify;\">Tras el recibimiento, los concejales de Empleo y Ciudad de Mar del Ayuntamiento de Las Palmas de Gran Canaria,\u00a0<strong>Pedro Quevedo<\/strong>\u00a0y\u00a0<strong>Jos\u00e9 Eduardo Ram\u00edrez<\/strong>, respectivamente, han destacado que \u201ceste intercambio\u201d, ya que alumnado canario har\u00e1 lo propio pr\u00f3ximamente en La Rochelle, ha sido fruto de las relaciones que se iniciaron en 2015 con esta peque\u00f1a ciudad francesa, pero que cuenta con \u201cuna estructura n\u00e1utica enorme y muy cualificada\u201d, ha subrayado Quevedo, mientras rese\u00f1aba que lo mejor es que \u201chemos hecho algo que no hab\u00edamos hecho nunca: abrir una relaci\u00f3n de verdad, intensa y productiva con la Rep\u00fablica Francesa\u201d.<\/p>\n<div class=\"wp-block-image\">\n<figure class=\"aligncenter size-large is-resized\"><img decoding=\"async\" class=\"wp-image-66\" src=\"https:\/\/noticiasfemepa.files.wordpress.com\/2020\/02\/49483070601_dbec8b161c_c.jpg?w=799\" sizes=\"(max-width: 604px) 100vw, 604px\" srcset=\"https:\/\/noticiasfemepa.files.wordpress.com\/2020\/02\/49483070601_dbec8b161c_c.jpg?w=604 604w, https:\/\/noticiasfemepa.files.wordpress.com\/2020\/02\/49483070601_dbec8b161c_c.jpg?w=150 150w, https:\/\/noticiasfemepa.files.wordpress.com\/2020\/02\/49483070601_dbec8b161c_c.jpg?w=300 300w, https:\/\/noticiasfemepa.files.wordpress.com\/2020\/02\/49483070601_dbec8b161c_c.jpg?w=768 768w, https:\/\/noticiasfemepa.files.wordpress.com\/2020\/02\/49483070601_dbec8b161c_c.jpg 799w\" alt=\"\" width=\"604\" height=\"402\" data-attachment-id=\"66\" data-permalink=\"https:\/\/noticiasfemepa.org\/49483070601_dbec8b161c_c\/\" data-orig-file=\"https:\/\/noticiasfemepa.files.wordpress.com\/2020\/02\/49483070601_dbec8b161c_c.jpg\" data-orig-size=\"799,533\" data-comments-opened=\"1\" data-image-meta=\"{&quot;aperture&quot;:&quot;0&quot;,&quot;credit&quot;:&quot;&quot;,&quot;camera&quot;:&quot;Canon EOS 7D&quot;,&quot;caption&quot;:&quot;&quot;,&quot;created_timestamp&quot;:&quot;1580724426&quot;,&quot;copyright&quot;:&quot;&quot;,&quot;focal_length&quot;:&quot;18&quot;,&quot;iso&quot;:&quot;400&quot;,&quot;shutter_speed&quot;:&quot;0.016666666666667&quot;,&quot;title&quot;:&quot;&quot;,&quot;orientation&quot;:&quot;0&quot;}\" data-image-title=\"49483070601_dbec8b161c_c\" data-image-description=\"\" data-medium-file=\"https:\/\/noticiasfemepa.files.wordpress.com\/2020\/02\/49483070601_dbec8b161c_c.jpg?w=300\" data-large-file=\"https:\/\/noticiasfemepa.files.wordpress.com\/2020\/02\/49483070601_dbec8b161c_c.jpg?w=799\" \/><\/figure>\n<\/div>\n<p class=\"has-text-align-justify\" style=\"text-align: justify;\">En la misma l\u00ednea, Ram\u00edrez ha se\u00f1alado la importancia de \u201csentar las bases que permitan traer gente a formarse, no s\u00f3lo a hacer deportes en invierno o de vacaciones\u201d.<\/p>\n<p class=\"has-text-align-justify\" style=\"text-align: justify;\">Por otro lado, el director de Formaci\u00f3n y Empleo de Femepa,\u00a0<strong>V\u00edctor Rubio<\/strong>, ha explicado que \u201ceste acuerdo de internacionalizaci\u00f3n supone acercarnos al puerto n\u00e1utico deportivo m\u00e1s importante de Europa y quiz\u00e1s del mundo, donde generamos sinergias en materia de formaci\u00f3n\u201d, al tiempo que ha a\u00f1adido que, \u201cen el proyecto global, tenemos intenci\u00f3n de dar cobertura a toda la formaci\u00f3n n\u00e1utica para posicionar a nuestro puerto n\u00e1utico en el lugar que le corresponde\u201d. \u201cEs una gran oportunidad, ya que se prev\u00e9 la construcci\u00f3n de 800 nuevos atraques en la isla de Gran Canaria y el dique seco para megayates va a generar una necesidad de profesionales cualificados que en Femepa se est\u00e1n formando\u201d, ha finalizado.<\/p>\n<h2 class=\"has-text-align-center\" style=\"text-align: center;\"><strong><a href=\"https:\/\/www.flickr.com\/photos\/183138392@N05\/albums\/72157712957670658\" target=\"_blank\" rel=\"noreferrer noopener\" aria-label=\"GALER\u00cdA FOTOGR\u00c1FICA (abre en una nueva pesta\u00f1a)\">GALER\u00cdA FOTOGR\u00c1FICA<\/a><\/strong><\/h2>\n<div class=\"jetpack-video-wrapper\"><\/div>\n<p><iframe title=\"Femepa y Ciudad de Mar dan la bienvenida al alumnado franc\u00e9s que realizar\u00e1 sus pr\u00e1cticas en LPGC\" width=\"500\" height=\"281\" src=\"https:\/\/www.youtube.com\/embed\/yAFp8xKtGLc?feature=oembed\" frameborder=\"0\" allow=\"accelerometer; autoplay; clipboard-write; encrypted-media; gyroscope; picture-in-picture; web-share\" referrerpolicy=\"strict-origin-when-cross-origin\" allowfullscreen><\/iframe><\/p>\n","protected":false},"excerpt":{"rendered":"<p>Hasta el 28 de marzo, doce alumnos franceses del curso\u00a0\u201cConstructeur am\u00e9nageur nautique bois et composites\u201d\u00a0(\u201cDesarrollador\/a n\u00e1utico de madera y composite\u201d), que imparte el prestigioso centro p\u00fablico Afpa, de La Rochelle (Francia), realizar\u00e1n sus pr\u00e1cticas en la capital grancanaria, donde tendr\u00e1n que construir dos botes de vela latina. Para ello, la empresa \u201cMaderas Viera\u201d aportar\u00e1 este [&hellip;]<\/p>\n","protected":false},"author":4,"featured_media":10496,"comment_status":"closed","ping_status":"closed","sticky":false,"template":"","format":"standard","meta":{"_acf_changed":false,"rs_blank_template":"","rs_page_bg_color":"","slide_template_v7":"","footnotes":""},"categories":[1],"tags":[560,1351,902,509,1352,1117,511,1353,773],"class_list":["post-10495","post","type-post","status-publish","format-standard","has-post-thumbnail","hentry","category-sin-categoria","tag-afpa","tag-ayuntamiento-de-las-palmas-de-gran-canaria","tag-carpinteria-de-ribera","tag-ciudad-de-mar","tag-federacion-canaria-de-vela-latina","tag-jose-eduardo-ramirez","tag-la-rochelle","tag-pedro-quevedo","tag-victor-rubio"],"acf":[],"_links":{"self":[{"href":"https:\/\/femepa.org\/web\/wp-json\/wp\/v2\/posts\/10495","targetHints":{"allow":["GET"]}}],"collection":[{"href":"https:\/\/femepa.org\/web\/wp-json\/wp\/v2\/posts"}],"about":[{"href":"https:\/\/femepa.org\/web\/wp-json\/wp\/v2\/types\/post"}],"author":[{"embeddable":true,"href":"https:\/\/femepa.org\/web\/wp-json\/wp\/v2\/users\/4"}],"replies":[{"embeddable":true,"href":"https:\/\/femepa.org\/web\/wp-json\/wp\/v2\/comments?post=10495"}],"version-history":[{"count":0,"href":"https:\/\/femepa.org\/web\/wp-json\/wp\/v2\/posts\/10495\/revisions"}],"wp:featuredmedia":[{"embeddable":true,"href":"https:\/\/femepa.org\/web\/wp-json\/wp\/v2\/media\/10496"}],"wp:attachment":[{"href":"https:\/\/femepa.org\/web\/wp-json\/wp\/v2\/media?parent=10495"}],"wp:term":[{"taxonomy":"category","embeddable":true,"href":"https:\/\/femepa.org\/web\/wp-json\/wp\/v2\/categories?post=10495"},{"taxonomy":"post_tag","embeddable":true,"href":"https:\/\/femepa.org\/web\/wp-json\/wp\/v2\/tags?post=10495"}],"curies":[{"name":"wp","href":"https:\/\/api.w.org\/{rel}","templated":true}]}}