{"id":10821,"date":"2020-02-25T22:59:27","date_gmt":"2020-02-25T22:59:27","guid":{"rendered":"https:\/\/femepa.org\/web\/?p=10821"},"modified":"2020-02-25T22:59:27","modified_gmt":"2020-02-25T22:59:27","slug":"el-iv-congreso-regional-de-talleres-de-automocion-de-canarias-ya-cuenta-con-dossier-comercial","status":"publish","type":"post","link":"https:\/\/femepa.org\/web\/el-iv-congreso-regional-de-talleres-de-automocion-de-canarias-ya-cuenta-con-dossier-comercial\/","title":{"rendered":"El IV Congreso Regional de Talleres de Automoci\u00f3n de Canarias ya cuenta con dossier comercial"},"content":{"rendered":"<p>&nbsp;<\/p>\n<p style=\"text-align: justify;\">El Centro de Convenciones Expomeloneras, en Maspalomas, acoger\u00e1 -los d\u00edas 12 y 13 de junio- el IV Congreso Regional de Talleres de Automoci\u00f3n de Canarias, organizado por la Federaci\u00f3n Canaria de Talleres Reparadores de Autom\u00f3viles, Afines y Nuevas Tecnolog\u00edas (FECATA), donde est\u00e1n integradas la Asociaci\u00f3n de Empresas de Reparaciones de Veh\u00edculos de Las Palmas (ATARE) y la Asociaci\u00f3n Industrial de Talleres de Reparaci\u00f3n de Santa Cruz de Tenerife (ASINTRA).<\/p>\n<p style=\"text-align: justify;\">Con este evento, se pretende: reunir al sector, dar nuevas perspectivas de la tendencia y evoluci\u00f3n del mercado, analizar la problem\u00e1tica com\u00fan y extraer conclusiones que ayuden a mejorar la buena marcha de las empresas de reparaci\u00f3n de veh\u00edculos autom\u00f3viles de Canarias.<\/p>\n<p style=\"text-align: justify;\">Asimismo, se abordar\u00e1n diversos temas de inter\u00e9s sectorial como: el mantenimiento y reparaci\u00f3n del veh\u00edculo el\u00e9ctrico; el acceso a la informaci\u00f3n t\u00e9cnica en los veh\u00edculos (RMI); el registro de las reparaciones en colaboraci\u00f3n con la DGT, ITV y CETRAA; los talleres y el Medio Ambiente; c\u00f3mo rentabilizar un taller; nuevas oportunidades de negocio; y la excelencia en la calidad del servicio.<\/p>\n<p style=\"text-align: justify;\">En este sentido, se puede participar de diferentes formas, tanto como asistente o como patrocinador, sponsor o colaborador. Asimismo, en el correo electr\u00f3nico atare@atare.es se puede solicitar m\u00e1s informaci\u00f3n.<\/p>\n<p><strong>DOSSIER COMERCIAL<\/strong><\/p>\n<p>[pdf-embedder url=&#8221;https:\/\/femepa.org\/web\/wp-content\/uploads\/2020\/02\/Dossier-Comercial-FECATA-Congreso-talleres-2020.pdf&#8221; title=&#8221;Dossier Comercial FECATA Congreso talleres 2020&#8243;]<\/p>\n<p>&nbsp;<\/p>\n<p><strong>DOSSIER STANDS<\/strong><\/p>\n<p>[pdf-embedder url=&#8221;https:\/\/femepa.org\/web\/wp-content\/uploads\/2020\/02\/DOSSIER-STANDS.pdf&#8221; title=&#8221;DOSSIER STANDS&#8221;]<\/p>\n","protected":false},"excerpt":{"rendered":"<p>&nbsp; El Centro de Convenciones Expomeloneras, en Maspalomas, acoger\u00e1 -los d\u00edas 12 y 13 de junio- el IV Congreso Regional de Talleres de Automoci\u00f3n de Canarias, organizado por la Federaci\u00f3n Canaria de Talleres Reparadores de Autom\u00f3viles, Afines y Nuevas Tecnolog\u00edas (FECATA), donde est\u00e1n integradas la Asociaci\u00f3n de Empresas de Reparaciones de Veh\u00edculos de Las Palmas [&hellip;]<\/p>\n","protected":false},"author":4,"featured_media":10825,"comment_status":"closed","ping_status":"closed","sticky":false,"template":"","format":"standard","meta":{"_acf_changed":false,"rs_blank_template":"","rs_page_bg_color":"","slide_template_v7":"","footnotes":""},"categories":[1],"tags":[754,258,755],"class_list":["post-10821","post","type-post","status-publish","format-standard","has-post-thumbnail","hentry","category-sin-categoria","tag-asintra","tag-atare","tag-fecata"],"acf":[],"_links":{"self":[{"href":"https:\/\/femepa.org\/web\/wp-json\/wp\/v2\/posts\/10821","targetHints":{"allow":["GET"]}}],"collection":[{"href":"https:\/\/femepa.org\/web\/wp-json\/wp\/v2\/posts"}],"about":[{"href":"https:\/\/femepa.org\/web\/wp-json\/wp\/v2\/types\/post"}],"author":[{"embeddable":true,"href":"https:\/\/femepa.org\/web\/wp-json\/wp\/v2\/users\/4"}],"replies":[{"embeddable":true,"href":"https:\/\/femepa.org\/web\/wp-json\/wp\/v2\/comments?post=10821"}],"version-history":[{"count":0,"href":"https:\/\/femepa.org\/web\/wp-json\/wp\/v2\/posts\/10821\/revisions"}],"wp:featuredmedia":[{"embeddable":true,"href":"https:\/\/femepa.org\/web\/wp-json\/wp\/v2\/media\/10825"}],"wp:attachment":[{"href":"https:\/\/femepa.org\/web\/wp-json\/wp\/v2\/media?parent=10821"}],"wp:term":[{"taxonomy":"category","embeddable":true,"href":"https:\/\/femepa.org\/web\/wp-json\/wp\/v2\/categories?post=10821"},{"taxonomy":"post_tag","embeddable":true,"href":"https:\/\/femepa.org\/web\/wp-json\/wp\/v2\/tags?post=10821"}],"curies":[{"name":"wp","href":"https:\/\/api.w.org\/{rel}","templated":true}]}}