{"id":10917,"date":"2020-03-15T19:53:04","date_gmt":"2020-03-15T19:53:04","guid":{"rendered":"https:\/\/femepa.org\/web\/?p=10917"},"modified":"2020-03-15T19:53:04","modified_gmt":"2020-03-15T19:53:04","slug":"comunicacion-de-medidas-extraordinarias-covid-19-circular-no1-apertura-y-cierre-de-negocios","status":"publish","type":"post","link":"https:\/\/femepa.org\/web\/comunicacion-de-medidas-extraordinarias-covid-19-circular-no1-apertura-y-cierre-de-negocios\/","title":{"rendered":"CIRCULAR N\u00ba1.-  Apertura y cierre de negocios"},"content":{"rendered":"<p>&nbsp;<\/p>\n<p>&nbsp;<\/p>\n<p style=\"text-align: right;\">En Las Palmas de Gran Canaria, a 15 de marzo de 2020<\/p>\n<p>&nbsp;<\/p>\n<p>Estimados\/as Asociados\/as:<\/p>\n<p>Las medidas aprobadas por el Gobierno de la Naci\u00f3n, en cuanto al cierre de negocios para hacer frente a la pandemia global del Coronavirus (COVID-19), tal y como puede comprobar en el <u>art.10 del RD 463\/2020<\/u> de 14 de marzo de 2020, <strong>solo afectan a determinadas actividades del Metal. <\/strong>Se adjunta normativa (descargar <a href=\"https:\/\/femepa.org\/web\/wp-content\/uploads\/2020\/03\/BOE-A-2020-3692.pdf.pdf\" target=\"_blank\" rel=\"noopener noreferrer\">AQU\u00cd<\/a>).<\/p>\n<p><strong>\u00a0<\/strong><strong>No est\u00e1n incluidas <\/strong><strong>en el cierre:<\/strong><\/p>\n<ul>\n<li>Industria Metalmec\u00e1nica,<\/li>\n<li>Instalaci\u00f3n y Acabado de Obra (fontaner\u00eda, electricidad, telecomunicaciones, climatizaci\u00f3n etc\u2026, se haga el servicio en obra o en vivienda particular),<\/li>\n<li>Servicios del Metal: reparaciones de electrodom\u00e9sticos, etc<\/li>\n<li>Talleres de Reparaciones de Veh\u00edculos, ITV (afectadas por la limitaci\u00f3n de desplazamientos)<\/li>\n<li>Comercio al por mayor: comercio de maquinaria, hierro, aluminio, suministros industriales\u2026<\/li>\n<\/ul>\n<p><strong>Si est\u00e1n incluidas <\/strong><strong>en el cierre<\/strong>:<\/p>\n<ul>\n<li>Las actividades incluidas en el Comercio minoristas.<\/li>\n<\/ul>\n<p><strong>Se excepcionan dentro de las anteriores, y por tanto no est\u00e1n incluidas en el cierre<\/strong><\/p>\n<ul>\n<li>Comercio al por menor de combustible,<\/li>\n<li>Comercio de ordenadores y equipos inform\u00e1ticos, telecomunicaciones, audio<\/li>\n<\/ul>\n<p>En cuanto al <strong>sector de automoci\u00f3n, <\/strong>se traslada consulta al Ministerio sobre la venta minorista de veh\u00edculos y accesorios est\u00e1 incluida: <u>en principio estar\u00eda afecta por el cierre<\/u>. Estamos a la espera de que nos comuniquen la contestaci\u00f3n.<\/p>\n<p><strong>En todo caso, se evitar\u00e1n aglomeraciones y se controlar\u00e1 que consumidores y empleados mantengan la distancia de seguridad de al menos un metro a fin de evitar posibles contagios.<\/strong><\/p>\n<p>Por otra parte, le recuerdo que es necesario extremar las precauciones y facilitar el teletrabajo en la medida de lo posible, no realizar viajes, evitar reuniones, etc&#8230;.<\/p>\n<p>Antes de proceder al cierre de su negocio, tiene a su disposici\u00f3n los servicios de informaci\u00f3n de la Federaci\u00f3n en los contactos referenciados en el adjunto a la presente circular (descargar <a href=\"http:\/\/kubo.femepa.org\/wp-content\/uploads\/2020\/03\/Servicios-a-asociados.jpg\" target=\"_blank\" rel=\"noopener noreferrer\">AQU\u00cd<\/a>).<\/p>\n<p>Esta circular ser\u00e1 la primera de una serie de circulares en las que les mantendremos informados de todas las novedades que afecten a la actividad empresarial Conforme tengamos novedades y se vayan publicando les iremos informando.<\/p>\n<p>&nbsp;<\/p>\n<p style=\"text-align: right;\">Atentamente,<\/p>\n<p style=\"text-align: right;\"><strong>Juan Carlos Betancor Garc\u00eda<br \/>\n<\/strong><em>Secretario General de FEMEPA<\/em><\/p>\n","protected":false},"excerpt":{"rendered":"<p>&nbsp; &nbsp; En Las Palmas de Gran Canaria, a 15 de marzo de 2020 &nbsp; Estimados\/as Asociados\/as: Las medidas aprobadas por el Gobierno de la Naci\u00f3n, en cuanto al cierre de negocios para hacer frente a la pandemia global del Coronavirus (COVID-19), tal y como puede comprobar en el art.10 del RD 463\/2020 de 14 [&hellip;]<\/p>\n","protected":false},"author":4,"featured_media":10918,"comment_status":"closed","ping_status":"closed","sticky":false,"template":"","format":"standard","meta":{"_acf_changed":false,"rs_blank_template":"","rs_page_bg_color":"","slide_template_v7":"","footnotes":""},"categories":[1],"tags":[1354,1355,1357],"class_list":["post-10917","post","type-post","status-publish","format-standard","has-post-thumbnail","hentry","category-sin-categoria","tag-coronavirus","tag-covid-19","tag-medidas-excepcionales"],"acf":[],"_links":{"self":[{"href":"https:\/\/femepa.org\/web\/wp-json\/wp\/v2\/posts\/10917","targetHints":{"allow":["GET"]}}],"collection":[{"href":"https:\/\/femepa.org\/web\/wp-json\/wp\/v2\/posts"}],"about":[{"href":"https:\/\/femepa.org\/web\/wp-json\/wp\/v2\/types\/post"}],"author":[{"embeddable":true,"href":"https:\/\/femepa.org\/web\/wp-json\/wp\/v2\/users\/4"}],"replies":[{"embeddable":true,"href":"https:\/\/femepa.org\/web\/wp-json\/wp\/v2\/comments?post=10917"}],"version-history":[{"count":0,"href":"https:\/\/femepa.org\/web\/wp-json\/wp\/v2\/posts\/10917\/revisions"}],"wp:featuredmedia":[{"embeddable":true,"href":"https:\/\/femepa.org\/web\/wp-json\/wp\/v2\/media\/10918"}],"wp:attachment":[{"href":"https:\/\/femepa.org\/web\/wp-json\/wp\/v2\/media?parent=10917"}],"wp:term":[{"taxonomy":"category","embeddable":true,"href":"https:\/\/femepa.org\/web\/wp-json\/wp\/v2\/categories?post=10917"},{"taxonomy":"post_tag","embeddable":true,"href":"https:\/\/femepa.org\/web\/wp-json\/wp\/v2\/tags?post=10917"}],"curies":[{"name":"wp","href":"https:\/\/api.w.org\/{rel}","templated":true}]}}