{"id":10972,"date":"2020-03-16T16:40:44","date_gmt":"2020-03-16T16:40:44","guid":{"rendered":"https:\/\/femepa.org\/web\/?p=10972"},"modified":"2020-03-16T16:40:44","modified_gmt":"2020-03-16T16:40:44","slug":"circular-no3-medidas-municipales-en-los-servicios-publicos-con-motivo-de-la-activacion-del-pemulpa","status":"publish","type":"post","link":"https:\/\/femepa.org\/web\/circular-no3-medidas-municipales-en-los-servicios-publicos-con-motivo-de-la-activacion-del-pemulpa\/","title":{"rendered":"CIRCULAR N\u00ba3.- Medidas municipales en los servicios p\u00fablicos con motivo de la activaci\u00f3n del PEMULPA"},"content":{"rendered":"<p style=\"text-align: right;\">En Las Palmas de Gran Canaria a 16 de marzo de 2020<\/p>\n<p>&nbsp;<\/p>\n<p>Estimados\/as Asociados\/as:<em>\u00a0<\/em><\/p>\n<p>Este domingo el Ayuntamiento de Las Palmas de Gran Canaria ha publicado Resoluci\u00f3n del Alcalde por la que se establecen medidas municipales en los servicios p\u00fablicos con motivo de la activaci\u00f3n del plan de emergencias municipal de Las Palmas de Gran Canaria (PEMULPA) y de la aplicaci\u00f3n del RD 46382020 por el que se declara el estado de alarma para la gesti\u00f3n de la crisis sanitaria ocasionada por el COVID-2019. Descarga <a href=\"https:\/\/femepa.org\/web\/wp-content\/uploads\/2020\/03\/RESOL2020-11542-DE-MEDIDAS-MPLES.pdf.pdf.pdf\" target=\"_blank\" rel=\"noopener noreferrer\">AQU\u00cd<\/a>.<\/p>\n<p>PRIMERO: La suspensi\u00f3n del Servicio de Estacionamiento Regulado en la ciudad a partir de las 8:00 a.m. del lunes 16 de marzo.<\/p>\n<p>SEGUNDO: La reducci\u00f3n de la oferta del servicio p\u00fablico de transporte de viajeros de Guaguas Municipales en un 50%.<\/p>\n<p>TERCERO: La reorganizaci\u00f3n horaria de las oficinas de GUAGUAS MUNICIPALES y el traslado a todos los usuarios de la recomendaci\u00f3n de realizar las consultas v\u00edas telef\u00f3nica o telem\u00e1tica.<\/p>\n<p>CUARTO: El cierre de todas las playas del municipio manteniendo los servicios m\u00ednimos de socorrismo.<\/p>\n<p>QUINTO: El sector del taxi deber\u00e1 reducir la flota en circulaci\u00f3n cada d\u00eda a la mitad, de tal manera que los d\u00edas de mes que sean pares s\u00f3lo podr\u00e1n salir a trabajar las licencias pares y los d\u00edas de mes que sean impares lo har\u00e1n las licencias impares.<\/p>\n<p>SEXTO: El cierre de todos los parques vallados en la ciudad y de todas las \u00e1reas infantiles y aparatos biosaludables.<\/p>\n<p>S\u00c9PTIMO: Declarar como servicios esenciales en el Ayuntamiento de Las Palmas de Gran Canaria los siguientes: ALCALD\u00cdA, SERVICIO DE TECNOLOG\u00cdAS DE LA INFORMACI\u00d3N Y LAS COMUNICACIONES E INNOVACI\u00d3N, SERVICIO DE PATRIMONIO Y CONTRATACI\u00d3N, SERVICIO DE TR\u00c1FICO Y MOVILIDAD, SERVICIOS SOCIALES, SECCI\u00d3N DE GESTI\u00d3N ECON\u00d3MICA Y OBLIGACIONES DE ORDEN SOCIAL, SECCI\u00d3N DE PREVENCI\u00d3N LABORAL, SECCI\u00d3N DE V\u00cdAS Y OBRAS, UNIDAD T\u00c9CNICA DE PARQUE M\u00d3VIL Y TALLERES MUNICIPALES, UNIDAD T\u00c9CNICA DE AGUAS, UNIDAD T\u00c9CNICA DE ALUMBRADO PUBLICO, UNIDAD T\u00c9CNICA DE PARQUES Y JARDINES, \u00d3RGANO ESPECIAL DE LIMPIEZA. Y se determinan como esenciales los Titulares de los siguientes \u00d3rganos: SECRETARIA GENERAL T\u00c9CNICA DE LA JUNTA DE GOBIERNO, SECRETARIA GENERAL DEL PLENO Y SUS COMISIONES, \u00d3RGANO DE GESTI\u00d3N ECON\u00d3MICO FINANCIERA, INTERVENCI\u00d3N GENERAL. As\u00ed mismo cesar la atenci\u00f3n presencial en las oficinas del Ayuntamiento de Las Palmas de Gran Canaria.<\/p>\n<p>OCTAVO: Mantener estas medidas mientras duren las circunstancias que han motivado la presente Resoluci\u00f3n.<\/p>\n<h3 style=\"text-align: center;\"><strong>Descargar circular en PDF <a href=\"https:\/\/femepa.org\/web\/wp-content\/uploads\/2020\/03\/Circular-n\u00ba3.-PEMULPA.pdf\" target=\"_blank\" rel=\"noopener noreferrer\">AQU\u00cd<\/a><\/strong><\/h3>\n<p>Atentamente,<\/p>\n<p>&nbsp;<\/p>\n<p style=\"text-align: right;\">Juan Carlos Betancor Garc\u00eda<\/p>\n<p style=\"text-align: right;\">Secretario General de FEMEPA<\/p>\n","protected":false},"excerpt":{"rendered":"<p>En Las Palmas de Gran Canaria a 16 de marzo de 2020 &nbsp; Estimados\/as Asociados\/as:\u00a0 Este domingo el Ayuntamiento de Las Palmas de Gran Canaria ha publicado Resoluci\u00f3n del Alcalde por la que se establecen medidas municipales en los servicios p\u00fablicos con motivo de la activaci\u00f3n del plan de emergencias municipal de Las Palmas de [&hellip;]<\/p>\n","protected":false},"author":4,"featured_media":10976,"comment_status":"closed","ping_status":"closed","sticky":false,"template":"","format":"standard","meta":{"_acf_changed":false,"rs_blank_template":"","rs_page_bg_color":"","slide_template_v7":"","footnotes":""},"categories":[1],"tags":[1351,1354,1355,64,1361],"class_list":["post-10972","post","type-post","status-publish","format-standard","has-post-thumbnail","hentry","category-sin-categoria","tag-ayuntamiento-de-las-palmas-de-gran-canaria","tag-coronavirus","tag-covid-19","tag-femepa","tag-pemulpa"],"acf":[],"_links":{"self":[{"href":"https:\/\/femepa.org\/web\/wp-json\/wp\/v2\/posts\/10972","targetHints":{"allow":["GET"]}}],"collection":[{"href":"https:\/\/femepa.org\/web\/wp-json\/wp\/v2\/posts"}],"about":[{"href":"https:\/\/femepa.org\/web\/wp-json\/wp\/v2\/types\/post"}],"author":[{"embeddable":true,"href":"https:\/\/femepa.org\/web\/wp-json\/wp\/v2\/users\/4"}],"replies":[{"embeddable":true,"href":"https:\/\/femepa.org\/web\/wp-json\/wp\/v2\/comments?post=10972"}],"version-history":[{"count":0,"href":"https:\/\/femepa.org\/web\/wp-json\/wp\/v2\/posts\/10972\/revisions"}],"wp:featuredmedia":[{"embeddable":true,"href":"https:\/\/femepa.org\/web\/wp-json\/wp\/v2\/media\/10976"}],"wp:attachment":[{"href":"https:\/\/femepa.org\/web\/wp-json\/wp\/v2\/media?parent=10972"}],"wp:term":[{"taxonomy":"category","embeddable":true,"href":"https:\/\/femepa.org\/web\/wp-json\/wp\/v2\/categories?post=10972"},{"taxonomy":"post_tag","embeddable":true,"href":"https:\/\/femepa.org\/web\/wp-json\/wp\/v2\/tags?post=10972"}],"curies":[{"name":"wp","href":"https:\/\/api.w.org\/{rel}","templated":true}]}}