{"id":11513,"date":"2020-04-03T17:21:59","date_gmt":"2020-04-03T17:21:59","guid":{"rendered":"https:\/\/femepa.org\/web\/?p=11513"},"modified":"2020-04-03T17:21:59","modified_gmt":"2020-04-03T17:21:59","slug":"femepa-se-une-al-plan-de-contingencia-contra-la-violencia-de-genero-ante-la-crisis-del-covid19","status":"publish","type":"post","link":"https:\/\/femepa.org\/web\/femepa-se-une-al-plan-de-contingencia-contra-la-violencia-de-genero-ante-la-crisis-del-covid19\/","title":{"rendered":"Femepa se une al Plan de Contingencia contra la violencia de g\u00e9nero ante la crisis del COVID19"},"content":{"rendered":"<p>El Gobierno de Espa\u00f1a, mediante el Ministerio de Igualdad, ha impulsado un Plan de Contingencia contra la violencia de g\u00e9nero debido a la crisis del COVID-19, que ha obligado por decreto al confinamiento.<\/p>\n<p>En este sentido, dicho plan incluye <strong>declarar servicio esencial la asistencia integral a las v\u00edctimas de violencia machista<\/strong>, teniendo estas, por tanto, acceso a los recursos habituales, tales como: informaci\u00f3n 24h, respuesta de emergencia, pisos tutelados, etc.<\/p>\n<p>Adem\u00e1s, se activar\u00e1 una nueva herramienta de emergencia, ya que se podr\u00e1 enviar un mensaje de alerta por mensajer\u00eda instant\u00e1nea con geolocalizaci\u00f3n a las fuerzas y cuerpos de Seguridad del Estado. Asimismo, los recursos de informaci\u00f3n 24h y asistencia psicol\u00f3gica tambi\u00e9n estar\u00e1n disponibles a trav\u00e9s de un Chat-sistema de mensajer\u00eda instant\u00e1nea, que gestionar\u00e1 la Administraci\u00f3n Central.<\/p>\n<p>Por otro lado, Igualdad distribuir\u00e1 una nueva gu\u00eda de actuaci\u00f3n y recursos disponibles para mujeres que sufran violencia de g\u00e9nero durante este per\u00edodo, as\u00ed como se pondr\u00e1 en marcha una campa\u00f1a de comunicaci\u00f3n institucional de presentaci\u00f3n del Plan de Contingencia. Sus objetivos fundamentales ser\u00e1n la concienciaci\u00f3n contra la violencia de g\u00e9nero, la alerta de situaciones de violencia dentro de los hogares y la concienciaci\u00f3n por el buen trato durante el per\u00edodo de confinamiento.<\/p>\n","protected":false},"excerpt":{"rendered":"<p>El Gobierno de Espa\u00f1a, mediante el Ministerio de Igualdad, ha impulsado un Plan de Contingencia contra la violencia de g\u00e9nero debido a la crisis del COVID-19, que ha obligado por decreto al confinamiento. En este sentido, dicho plan incluye declarar servicio esencial la asistencia integral a las v\u00edctimas de violencia machista, teniendo estas, por tanto, [&hellip;]<\/p>\n","protected":false},"author":4,"featured_media":11514,"comment_status":"closed","ping_status":"closed","sticky":false,"template":"","format":"standard","meta":{"_acf_changed":false,"rs_blank_template":"","rs_page_bg_color":"","slide_template_v7":"","footnotes":""},"categories":[1],"tags":[1354,1355,209],"class_list":["post-11513","post","type-post","status-publish","format-standard","has-post-thumbnail","hentry","category-sin-categoria","tag-coronavirus","tag-covid-19","tag-igualdad"],"acf":[],"_links":{"self":[{"href":"https:\/\/femepa.org\/web\/wp-json\/wp\/v2\/posts\/11513","targetHints":{"allow":["GET"]}}],"collection":[{"href":"https:\/\/femepa.org\/web\/wp-json\/wp\/v2\/posts"}],"about":[{"href":"https:\/\/femepa.org\/web\/wp-json\/wp\/v2\/types\/post"}],"author":[{"embeddable":true,"href":"https:\/\/femepa.org\/web\/wp-json\/wp\/v2\/users\/4"}],"replies":[{"embeddable":true,"href":"https:\/\/femepa.org\/web\/wp-json\/wp\/v2\/comments?post=11513"}],"version-history":[{"count":0,"href":"https:\/\/femepa.org\/web\/wp-json\/wp\/v2\/posts\/11513\/revisions"}],"wp:featuredmedia":[{"embeddable":true,"href":"https:\/\/femepa.org\/web\/wp-json\/wp\/v2\/media\/11514"}],"wp:attachment":[{"href":"https:\/\/femepa.org\/web\/wp-json\/wp\/v2\/media?parent=11513"}],"wp:term":[{"taxonomy":"category","embeddable":true,"href":"https:\/\/femepa.org\/web\/wp-json\/wp\/v2\/categories?post=11513"},{"taxonomy":"post_tag","embeddable":true,"href":"https:\/\/femepa.org\/web\/wp-json\/wp\/v2\/tags?post=11513"}],"curies":[{"name":"wp","href":"https:\/\/api.w.org\/{rel}","templated":true}]}}