{"id":11530,"date":"2020-03-14T23:43:12","date_gmt":"2020-03-14T23:43:12","guid":{"rendered":"https:\/\/femepa.org\/web\/?p=11530"},"modified":"2020-03-14T23:43:12","modified_gmt":"2020-03-14T23:43:12","slug":"circulares-femepa-covid-19","status":"publish","type":"post","link":"https:\/\/femepa.org\/web\/circulares-femepa-covid-19\/","title":{"rendered":"CIRCULARES FEMEPA COVID-19"},"content":{"rendered":"<p>A continuaci\u00f3n, podr\u00e1s acceder a todas las circulares emitidas por Femepa desde la declaraci\u00f3n del estado de alarma por el COVID-19:<\/p>\n<p><strong>CIRCULAR N\u00ba14.-<\/strong> <a href=\"https:\/\/femepa.org\/web\/circular-no14-ayudas-y-medidas-economicas\/\" target=\"_blank\" rel=\"noopener noreferrer\">Ayudas y medidas econ\u00f3micas<\/a><\/p>\n<p><strong>CIRCULAR N\u00ba 13.-<\/strong> <a href=\"https:\/\/femepa.org\/web\/circular-no13-informacion-en-relacion-al-mantenimiento-de-instalaciones-industriales\/\" target=\"_blank\" rel=\"noopener noreferrer\">Informaci\u00f3n en relaci\u00f3n al mantenimiento de instalaciones industriales<\/a><\/p>\n<p><strong>CIRCULAR N\u00ba 12.-<\/strong> <a href=\"https:\/\/femepa.org\/web\/circular-no12-medidas-urgentes-complementarias-en-el-ambito-social-y-economico-para-hacer-frente-al-covid-19\/\" target=\"_blank\" rel=\"noopener noreferrer\">Medidas urgentes complementarias en el \u00e1mbito social y econ\u00f3mico para hacer frente al COVID-19<\/a><\/p>\n<p><strong>CIRCULAR N\u00ba 11.-<\/strong> <a href=\"https:\/\/femepa.org\/web\/circular-no-11-orden-complementaria-al-rd-ley-10-2020-modelo-de-declaracion-responsable-desplazamientos-personas-trabajadoras-por-cuenta-ajena\/\" target=\"_blank\" rel=\"noopener noreferrer\">Orden complementaria al RD Ley 10\/2020. Modelo de Declaraci\u00f3n Responsable, desplazamientos personas trabajadoras por cuenta ajena<\/a><\/p>\n<p><strong>CIRCULAR N\u00ba 10.-<\/strong> <a href=\"https:\/\/femepa.org\/web\/circular-no-10-medidas-de-caracter-laboral-permiso-retribuido-recuperable-para-las-personas-trabajadoras-por-cuenta-ajena-que-no-presten-servicios-esenciales-reduccion-de-la-movilidad\/\" target=\"_blank\" rel=\"noopener noreferrer\">Medidas de car\u00e1cter laboral. Permiso retribuido recuperable para las personas trabajadoras por cuenta ajena que no presten servicios esenciales. Reducci\u00f3n de la movilidad<\/a><\/p>\n<p><strong>CIRCULAR N\u00ba 9.-<\/strong> <a href=\"https:\/\/femepa.org\/web\/circular-no9-actualizacion-de-condiciones-de-movilidad-en-vehiculos-publicos-privados-y-complementarios\/\" target=\"_blank\" rel=\"noopener noreferrer\">Actualizaci\u00f3n de condiciones de movilidad en veh\u00edculos p\u00fablicos, privados y complementarios<\/a><\/p>\n<p><strong>CIRCULAR N\u00ba 8.-<\/strong> <a href=\"https:\/\/femepa.org\/web\/circular-no-8-medidas-de-caracter-laboral-expedientes-temporales-de-regulacion-de-empleo-erte\/\" target=\"_blank\" rel=\"noopener noreferrer\">Medidas de car\u00e1cter laboral: Expedientes temporales de Regulaci\u00f3n de Empleo (ERTE)<\/a><\/p>\n<p><strong>CIRCULAR N\u00ba 7.-<\/strong> <a href=\"https:\/\/femepa.org\/web\/circular-no7-recursos-de-la-agencia-de-proteccion-de-datos-aepd-y-medidas-para-el-tratamiento-de-proteccion-de-datos-de-caracter-personal\/\" target=\"_blank\" rel=\"noopener noreferrer\">Recursos de la Agencia de Protecci\u00f3n de datos (AEPD) y medidas para el tratamiento de protecci\u00f3n de datos de car\u00e1cter personal<\/a><\/p>\n<p><strong>CIRCULAR N\u00ba 6.-<\/strong> <a href=\"https:\/\/femepa.org\/web\/circular-no6-medidas-de-proteccion-a-los-trabajadores-as-autonomos\/\" target=\"_blank\" rel=\"noopener noreferrer\">Medidas de protecci\u00f3n a los Trabajadores\/as Aut\u00f3nomos\/as<\/a><\/p>\n<p><strong>CIRCULAR N\u00ba5.-<\/strong> <a href=\"https:\/\/femepa.org\/web\/circular-no-5-comunicado-ceoe-y-cepyme\/\" target=\"_blank\" rel=\"noopener noreferrer\">Comunicado CEOE y CEPYME<\/a><\/p>\n<p><strong>CIRCULAR N\u00ba4.-<\/strong> <a href=\"https:\/\/femepa.org\/web\/circular-no-4-documentos-de-interes\/\" target=\"_blank\" rel=\"noopener noreferrer\">Documentos de inter\u00e9s<\/a><\/p>\n<p><strong>CIRCULAR N\u00ba 3.-<\/strong> <a href=\"https:\/\/femepa.org\/web\/circular-no3-medidas-municipales-en-los-servicios-publicos-con-motivo-de-la-activacion-del-pemulpa\/\" target=\"_blank\" rel=\"noopener noreferrer\">Medidas municipales en los servicios p\u00fablicos con motivo de la activaci\u00f3n del PEMULPA<\/a><\/p>\n<p><strong>CIRCULAR N\u00ba 2.-<\/strong> <a href=\"https:\/\/femepa.org\/web\/comunicacion-de-medidas-extraordinarias-covid-19-circular-no2-medidas-de-prevencion\/\" target=\"_blank\" rel=\"noopener noreferrer\">Medidas de prevenci\u00f3n<\/a><\/p>\n<p><strong>CIRCULAR N\u00ba1.-<\/strong> <a href=\"https:\/\/femepa.org\/web\/comunicacion-de-medidas-extraordinarias-covid-19-circular-no1-apertura-y-cierre-de-negocios\/\" target=\"_blank\" rel=\"noopener noreferrer\">Apertura y cierre de negocios<\/a><\/p>\n","protected":false},"excerpt":{"rendered":"<p>A continuaci\u00f3n, podr\u00e1s acceder a todas las circulares emitidas por Femepa desde la declaraci\u00f3n del estado de alarma por el COVID-19: CIRCULAR N\u00ba14.- Ayudas y medidas econ\u00f3micas CIRCULAR N\u00ba 13.- Informaci\u00f3n en relaci\u00f3n al mantenimiento de instalaciones industriales CIRCULAR N\u00ba 12.- Medidas urgentes complementarias en el \u00e1mbito social y econ\u00f3mico para hacer frente al COVID-19 [&hellip;]<\/p>\n","protected":false},"author":4,"featured_media":11531,"comment_status":"closed","ping_status":"closed","sticky":false,"template":"","format":"standard","meta":{"_acf_changed":false,"rs_blank_template":"","rs_page_bg_color":"","slide_template_v7":"","footnotes":""},"categories":[1],"tags":[1366,1354,1355],"class_list":["post-11530","post","type-post","status-publish","format-standard","has-post-thumbnail","hentry","category-sin-categoria","tag-circulares","tag-coronavirus","tag-covid-19"],"acf":[],"_links":{"self":[{"href":"https:\/\/femepa.org\/web\/wp-json\/wp\/v2\/posts\/11530","targetHints":{"allow":["GET"]}}],"collection":[{"href":"https:\/\/femepa.org\/web\/wp-json\/wp\/v2\/posts"}],"about":[{"href":"https:\/\/femepa.org\/web\/wp-json\/wp\/v2\/types\/post"}],"author":[{"embeddable":true,"href":"https:\/\/femepa.org\/web\/wp-json\/wp\/v2\/users\/4"}],"replies":[{"embeddable":true,"href":"https:\/\/femepa.org\/web\/wp-json\/wp\/v2\/comments?post=11530"}],"version-history":[{"count":0,"href":"https:\/\/femepa.org\/web\/wp-json\/wp\/v2\/posts\/11530\/revisions"}],"wp:featuredmedia":[{"embeddable":true,"href":"https:\/\/femepa.org\/web\/wp-json\/wp\/v2\/media\/11531"}],"wp:attachment":[{"href":"https:\/\/femepa.org\/web\/wp-json\/wp\/v2\/media?parent=11530"}],"wp:term":[{"taxonomy":"category","embeddable":true,"href":"https:\/\/femepa.org\/web\/wp-json\/wp\/v2\/categories?post=11530"},{"taxonomy":"post_tag","embeddable":true,"href":"https:\/\/femepa.org\/web\/wp-json\/wp\/v2\/tags?post=11530"}],"curies":[{"name":"wp","href":"https:\/\/api.w.org\/{rel}","templated":true}]}}