{"id":15902,"date":"2020-05-22T12:00:42","date_gmt":"2020-05-22T12:00:42","guid":{"rendered":"https:\/\/femepa.org\/web\/?p=15902"},"modified":"2020-05-22T12:00:42","modified_gmt":"2020-05-22T12:00:42","slug":"documentos-de-interes-2","status":"publish","type":"post","link":"https:\/\/femepa.org\/web\/documentos-de-interes-2\/","title":{"rendered":"DOCUMENTOS DE INTER\u00c9S"},"content":{"rendered":"<p>&nbsp;<\/p>\n<ul>\n<li><a href=\"http:\/\/kubo.femepa.org\/wp-content\/uploads\/2020\/05\/Guia-para-escuelas-y-centros-educativos.pdf\" target=\"_blank\" rel=\"noopener noreferrer\">COVID-19. Gu\u00eda para escuelas y centros educativos<\/a><\/li>\n<li><a href=\"http:\/\/kubo.femepa.org\/wp-content\/uploads\/2020\/05\/NOTA_DE_PRENSA_CONSEJO_BUSINESS_TRAVEL_AG.pdf\" target=\"_blank\" rel=\"noopener noreferrer\">Las principales empresas del sector del Business Travel se unen para coordinar la reactivaci\u00f3n de los viajes de negocio y garantizar los protocolos sanitarios (GEBTA)<\/a><\/li>\n<li><a href=\"http:\/\/kubo.femepa.org\/wp-content\/uploads\/2020\/05\/VIAJAR-EN-EL-CONTEXTO-DE-LA-COVID-19.pdf\" target=\"_blank\" rel=\"noopener noreferrer\">Gu\u00eda Pr\u00e1ctica para empresas &#8211; VIAJAR EN EL CONTEXTO DE LA COVID-19<\/a><\/li>\n<li><a href=\"http:\/\/kubo.femepa.org\/wp-content\/uploads\/2020\/05\/200520-ECO-Reglamento-SURE-Fondo-de-Reconstruccion-y-condiciones-MEDE-acordadas-por-el-Eurogrupo.pdf\" target=\"_blank\" rel=\"noopener noreferrer\">Instrumentos de apoyo a los pa\u00edses europeos para la lucha contra el impacto del COVID-19 sobre la econom\u00eda y el empleo (Confederaci\u00f3n Canaria de Empresarios)<\/a><\/li>\n<li>N<a href=\"http:\/\/kubo.femepa.org\/wp-content\/uploads\/2020\/05\/NOTAS-DE-ECONOMIA.pdf\" target=\"_blank\" rel=\"noopener noreferrer\">OTAS DE ECONOM\u00cdA: CONTABILIDAD TRIMESTRAL DE CANARIAS (CONFEDERACI\u00d3N CANARIA DE EMPRESARIOS)<\/a><\/li>\n<li><a href=\"http:\/\/kubo.femepa.org\/wp-content\/uploads\/2020\/05\/200429-Plan-de-Seguridad-establecimientos-comercio.pdf\" target=\"_blank\" rel=\"noopener noreferrer\">PLAN DE SEGURIDAD (MINISTERIO DE SANIDAD)<\/a><\/li>\n<\/ul>\n<p>Dirigido a la actividad comercial en establecimiento f\u00edsico y no sedentario.<\/p>\n<ul>\n<li><a href=\"http:\/\/kubo.femepa.org\/wp-content\/uploads\/2020\/05\/PHOTO-2020-05-01-22-07-11-1.jpg\" target=\"_blank\" rel=\"noopener noreferrer\">ACLARACI\u00d3N EN RELACI\u00d3N CON LA CONSIDERACI\u00d3N DE LA NAVEGACI\u00d3N DE RECREO O DEPORTIVA<\/a><\/li>\n<\/ul>\n<p>Aclaraci\u00f3n del secretario general de la Asociaci\u00f3n Nacional de Empresas N\u00e1uticas en relaci\u00f3n con la consideraci\u00f3n de la navegaci\u00f3n de recreo o deportiva durante las fases de transici\u00f3n a una nueva normalidad.<\/p>\n<ul>\n<li><a href=\"http:\/\/kubo.femepa.org\/wp-content\/uploads\/2020\/05\/PHOTO-2020-05-01-22-07-11.jpg\" target=\"_blank\" rel=\"noopener noreferrer\">Navegaci\u00f3n de recreo o deportiva durante las fases de transici\u00f3n<\/a><\/li>\n<\/ul>\n<p>Direcci\u00f3n General de la Marina Mercante<\/p>\n<ul>\n<li><a href=\"http:\/\/kubo.femepa.org\/wp-content\/uploads\/2020\/04\/OM-desarrollo-moratoria-RDL-11-2020-PARA-FIRMA.pdf\" target=\"_blank\" rel=\"noopener noreferrer\">ORDEN MINISTERIAL POR LA QUE SE DESARROLLA EL ART.34 RD-Ley 11\/2020, DE 31 DE MARZO<\/a><\/li>\n<\/ul>\n<p>Por el que adoptan medidas urgentes complementarias en el \u00e1mbito social y econ\u00f3mico para hacer frente al COVID-19.<\/p>\n<ul>\n<li><a href=\"http:\/\/kubo.femepa.org\/wp-content\/uploads\/2020\/04\/Orden-ISM-371-2020.pdf\" target=\"_blank\" rel=\"noopener noreferrer\">ORDEN ISM\/371\/2020, DE 24 DE ABRIL (BOE)<\/a><\/li>\n<\/ul>\n<p>Por la que se desarrolla el art\u00edculo 34 del RD-ley 11\/2020, de 31 de marzo, por el que se adoptan medidas urgentes complementarias en el \u00e1mbito social y econ\u00f3mico para hacer frente al COVID-19<\/p>\n<ul>\n<li><a href=\"http:\/\/kubo.femepa.org\/wp-content\/uploads\/2020\/04\/PlanTransicionNuevaNormalidad.pdf\" target=\"_blank\" rel=\"noopener noreferrer\">PLAN PARA LA TRANSICI\u00d3N HACIA UNA NUEVA NORMALIDAD<\/a><\/li>\n<\/ul>\n<p>Los pa\u00edses han ido adoptando un conjunto creciente de medidas centradas en reforzar la respuesta en el \u00e1mbito de la salud y reducir las tasas de contagio mediante la contenci\u00f3n de la movilidad de las personas y la separaci\u00f3n f\u00edsica en el \u00e1mbito social y econ\u00f3mico.<\/p>\n<ul>\n<li><a href=\"http:\/\/kubo.femepa.org\/wp-content\/uploads\/2020\/04\/GUIA-DE-BUENAS-PRACTICAS-EN-LAS-SALIDAS-DE-LA-POBLACION-INFANTIL-DURANTE-EL-ESTADO-DE-ALARMA.pdf\" target=\"_blank\" rel=\"noopener noreferrer\">GU\u00cdA DE BUENAS PR\u00c1CTICAS EN LAS SALIDAS DE LA POBLACI\u00d3N INFANTIL DURANTE EL ESTADO DE ALARMA (MINISTERIO DE SANIDAD)<\/a><\/li>\n<\/ul>\n<p>Medida en vigor desde el domingo 26 de abril de 2020, a las 9:00 de la ma\u00f1ana<\/p>\n<ul>\n<li><a href=\"https:\/\/femepa.org\/web\/wp-content\/uploads\/2020\/04\/sanidad-advierte-sobre-la-proliferacion-de-empresas-no-autorizadas-que-ofertan-servicios-de-desinfeccion.pdf\" target=\"_blank\" rel=\"noopener noreferrer\">COMUNICADO SOBRE LAS EMPRESAS NO AUTORIZADAS DE DESINFECCI\u00d3N (GOBIERNO DE CANARIAS)<\/a><\/li>\n<\/ul>\n<p>Sanidad advierte de la proliferaci\u00f3n de empresas no autorizadas que ofertan servicios de desinfecci\u00f3n<\/p>\n<ul>\n<li><a href=\"http:\/\/kubo.femepa.org\/wp-content\/uploads\/2020\/04\/GUIA-COVID-TGSS-SLD-Circular.pdf\" target=\"_blank\" rel=\"noopener noreferrer\">GU\u00cdA DE RECOMENDACIONES B\u00c1SICAS (TGSS)<\/a><\/li>\n<\/ul>\n<p>Para la comunicaci\u00f3n de moratorias, aplazamientos, ERTEs, reducciones de jornada y otros aspectos.<\/p>\n<ul>\n<li><a href=\"http:\/\/kubo.femepa.org\/wp-content\/uploads\/2020\/04\/Medidas-contra-el-impacto-del-Coronavirus-160420.pdf\" target=\"_blank\" rel=\"noopener noreferrer\">IMPACTO DEL COVID-19 EN LAS EMPRESAS (CCE)<\/a><\/li>\n<\/ul>\n<p>Valoraci\u00f3n del impacto del COVID-19 en la actividad productiva y recopilaci\u00f3n de medidas que deben articularse en los diferentes sectores productivos para poder garantizar la supervivencia de las empresas durante este per\u00edodo de crisis y asegurar la vuelta a la actividad una vez concluya.<\/p>\n","protected":false},"excerpt":{"rendered":"<p>&nbsp; COVID-19. Gu\u00eda para escuelas y centros educativos Las principales empresas del sector del Business Travel se unen para coordinar la reactivaci\u00f3n de los viajes de negocio y garantizar los protocolos sanitarios (GEBTA) Gu\u00eda Pr\u00e1ctica para empresas &#8211; VIAJAR EN EL CONTEXTO DE LA COVID-19 Instrumentos de apoyo a los pa\u00edses europeos para la lucha [&hellip;]<\/p>\n","protected":false},"author":4,"featured_media":21896,"comment_status":"closed","ping_status":"closed","sticky":false,"template":"","format":"standard","meta":{"_acf_changed":false,"rs_blank_template":"","rs_page_bg_color":"","slide_template_v7":"","footnotes":""},"categories":[1],"tags":[1038,1354,1355,140,1446],"class_list":["post-15902","post","type-post","status-publish","format-standard","has-post-thumbnail","hentry","category-sin-categoria","tag-confederacion-canaria-de-empresarios","tag-coronavirus","tag-covid-19","tag-gobierno-de-canarias","tag-tgss"],"acf":[],"_links":{"self":[{"href":"https:\/\/femepa.org\/web\/wp-json\/wp\/v2\/posts\/15902","targetHints":{"allow":["GET"]}}],"collection":[{"href":"https:\/\/femepa.org\/web\/wp-json\/wp\/v2\/posts"}],"about":[{"href":"https:\/\/femepa.org\/web\/wp-json\/wp\/v2\/types\/post"}],"author":[{"embeddable":true,"href":"https:\/\/femepa.org\/web\/wp-json\/wp\/v2\/users\/4"}],"replies":[{"embeddable":true,"href":"https:\/\/femepa.org\/web\/wp-json\/wp\/v2\/comments?post=15902"}],"version-history":[{"count":0,"href":"https:\/\/femepa.org\/web\/wp-json\/wp\/v2\/posts\/15902\/revisions"}],"wp:featuredmedia":[{"embeddable":true,"href":"https:\/\/femepa.org\/web\/wp-json\/wp\/v2\/media\/21896"}],"wp:attachment":[{"href":"https:\/\/femepa.org\/web\/wp-json\/wp\/v2\/media?parent=15902"}],"wp:term":[{"taxonomy":"category","embeddable":true,"href":"https:\/\/femepa.org\/web\/wp-json\/wp\/v2\/categories?post=15902"},{"taxonomy":"post_tag","embeddable":true,"href":"https:\/\/femepa.org\/web\/wp-json\/wp\/v2\/tags?post=15902"}],"curies":[{"name":"wp","href":"https:\/\/api.w.org\/{rel}","templated":true}]}}