{"id":21927,"date":"2020-04-29T13:12:34","date_gmt":"2020-04-29T13:12:34","guid":{"rendered":"https:\/\/femepa.org\/web\/?p=21927"},"modified":"2020-04-29T13:12:34","modified_gmt":"2020-04-29T13:12:34","slug":"circular-no-23-concepcion-de-subvenciones-destinadas-a-la-prestacion-extraordinaria-por-suspension-de-actividad-a-afectados","status":"publish","type":"post","link":"https:\/\/femepa.org\/web\/circular-no-23-concepcion-de-subvenciones-destinadas-a-la-prestacion-extraordinaria-por-suspension-de-actividad-a-afectados\/","title":{"rendered":"CIRCULAR N\u00ba 23.- Concesi\u00f3n de subvenciones destinadas a la prestaci\u00f3n extraordinaria por suspensi\u00f3n de actividad a afectados por la declaraci\u00f3n del estado de alarma"},"content":{"rendered":"<div class=\"page\" title=\"Page 1\">\n<div class=\"layoutArea\">\n<div class=\"column\">\n<p style=\"text-align: right;\">En Las Palmas, a 27 de abril de 2020<\/p>\n<p>Estimados\/as Asociados\/as:<\/p>\n<p>Hoy di\u0301a 27 se ha publicado en el Boleti\u0301n Oficial de Canarias la Orden de 21 de abril de 2020, que regula, en re\u0301gimen de concesio\u0301n de subvenciones, la prestacio\u0301n extraordinaria pos suspensio\u0301n de actividad para los afectados por la declaracio\u0301n del estado de alarma.<\/p>\n<p>Esta orden desarrolla el arti\u0301culo 3 del capi\u0301tulo I del Decreto Ley 4\/2020 de 2 de abril, de a\u0301mbito autono\u0301mico, \u201cMedidas de apoyo a Auto\u0301nomos\u201d, cuyo objeto es completar la prestacio\u0301n extraordinaria regulada en el arti\u0301culo 17 del RD Ley 8\/2020 de 17 de marzo (ver circular FEMEPA nu\u0301mero 6, de 15 de marzo) con la finalidad de cubrir el 30% de la base de de cotizacio\u0301n en el Re\u0301gimen Especial de la Seguridad Social, al objeto de completar el 100% de la prestacio\u0301n.<\/p>\n<p>Se dispone en esta orden una partida destinada a tal fin, de 11.000.000 de euros. No obstante, al ser el re\u0301gimen de estas ayudas, el de concesio\u0301n de subvenciones, deben tener en consideracio\u0301n las siguientes particularidades a fin de que puedan beneficiarse de las mismas:<\/p>\n<p><strong>Beneficiarios<\/strong><\/p>\n<p>Se podra\u0301n beneficiar las personas que cumplan con los siguientes requisitos:<\/p>\n<p>a) \u00a0Estar afiliados y de alta, en la fecha de la declaracio\u0301n del estado de alarma en el RETA (Re\u0301gimen Especial de Trabajadores por cuenta propia o Auto\u0301nomos).<\/p>\n<p>b) \u00a0Haber causado baja en la actividad como consecuencia de la suspensio\u0301n de la actividad recogida en el arti\u0301culo 10 del Decreto Ley 463\/2020, de Declaracio\u0301n del Estado de Alarma (ver circular FEMEPA no1, de 15 de marzo).<\/p>\n<p>c) \u00a0Haber sido reconocido por su Mutua el derecho a la prestacio\u0301n por cese de actividad, que por tanto debe haber sido tramitado.<\/p>\n<p><strong>Requisitos<\/strong><\/p>\n<p>a) Estar al corriente del cumplimiento de sus obligaciones tributarias estatales, autono\u0301micas y con la Seguridad Social, con arreglo al arti\u0301culo 22 del Reglamento de la Ley General de Subvenciones. Este requisito se entendera\u0301 cumplido cuando la Mutua haya reconocido el derecho a la prestacio\u0301n por cese de actividad.<\/p>\n<p>b) \u00a0Haber realizado su actividad empresarial o profesional y tener el domicilio fiscal en el territorio de la Comunidad Auto\u0301noma de Canarias.<\/p>\n<p>c) \u00a0Cumplir con las obligaciones establecidas con cara\u0301cter general en el arti\u0301culo 14 de la Ley General de Subvenciones:<\/p>\n<p>Art. 14. Ley General de Subvenciones. Obligaciones de los beneficiarios.<\/p>\n<p>1. Son obligaciones del beneficiario:<\/p>\n<\/div>\n<\/div>\n<div class=\"layoutArea\">\n<div class=\"column\">\n<p>a) Cumplir el objetivo, ejecutar el proyecto, realizar la actividad o adoptar el comportamiento que<\/p>\n<\/div>\n<\/div>\n<div class=\"layoutArea\">\n<div class=\"column\">\n<p>fundamenta la concesio\u0301n de las subvenciones<\/p>\n<\/div>\n<\/div>\n<div class=\"layoutArea\">\n<div class=\"column\">\n<p>b) Justificar ante el o\u0301rgano concedente o la entidad colaboradora, en su caso, el cumplimiento de los<\/p>\n<\/div>\n<\/div>\n<div class=\"layoutArea\">\n<div class=\"column\">\n<p>requisitos y condiciones, asi\u0301 como la realizacio\u0301n de la actividad y el cumplimiento de la finalidad<\/p>\n<\/div>\n<\/div>\n<div class=\"layoutArea\">\n<div class=\"column\">\n<p>que determinen la concesio\u0301n o disfrute de la subvencio\u0301n.<\/p>\n<\/div>\n<\/div>\n<\/div>\n<div class=\"page\" title=\"Page 2\">\n<div class=\"section\">\n<div class=\"layoutArea\">\n<div class=\"column\">\n<p>c) Someterse a las actuaciones de comprobacio\u0301n, a efectuar por el o\u0301rgano concedente o la entidad<\/p>\n<\/div>\n<\/div>\n<div class=\"layoutArea\">\n<div class=\"column\">\n<p>colaboradora, en su caso, asi\u0301 como cualesquiera otras de comprobacio\u0301n y control financiero que<\/p>\n<\/div>\n<\/div>\n<div class=\"layoutArea\">\n<div class=\"column\">\n<p>puedan realizar los o\u0301rganos de control competentes, tanto nacionales como comunitarios,<\/p>\n<\/div>\n<\/div>\n<div class=\"layoutArea\">\n<div class=\"column\">\n<p>aportando cuanta informacio\u0301n le sea requerida en el ejercicio de las actuaciones anteriores.<\/p>\n<\/div>\n<\/div>\n<div class=\"layoutArea\">\n<div class=\"column\">\n<p>d) Comunicar al o\u0301rgano concedente o la entidad colaboradora la obtencio\u0301n de otras subvenciones,<\/p>\n<\/div>\n<\/div>\n<div class=\"layoutArea\">\n<div class=\"column\">\n<p>ayudas, ingresos o recursos que financien las actividades subvencionadas. Esta comunicacio\u0301n debera\u0301 efectuarse tan pronto como se conozca y, en todo caso, con anterioridad a la justificacio\u0301n de la aplicacio\u0301n dada a los fondos percibidos.<\/p>\n<\/div>\n<\/div>\n<div class=\"layoutArea\">\n<div class=\"column\">\n<p>e) Acreditar con anterioridad a dictarse la propuesta de resolucio\u0301n de concesio\u0301n que se halla al corriente en el cumplimiento de sus obligaciones tributarias y frente a la Seguridad Social, en la forma que se determine reglamentariamente, y sin perjuicio de lo establecido en la disposicio\u0301n adicional decimoctava de la Ley 30\/1992, de 26 de noviembre, de Re\u0301gimen Juri\u0301dico de las Administraciones Pu\u0301blicas y del Procedimiento Administrativo Comu\u0301n.<\/p>\n<\/div>\n<\/div>\n<div class=\"layoutArea\">\n<div class=\"column\">\n<p>f) Disponer de los libros contables, registros diligenciados y dema\u0301s documentos debidamente auditados en los te\u0301rminos exigidos por la legislacio\u0301n mercantil y sectorial aplicable al beneficiario en cada caso, asi\u0301 como cuantos estados contables y registros especi\u0301ficos sean exigidos por las bases reguladoras de las subvenciones, con la finalidad de garantizar el adecuado ejercicio de las facultades de comprobacio\u0301n y control.<\/p>\n<\/div>\n<\/div>\n<div class=\"layoutArea\">\n<div class=\"column\">\n<p>g) Conservar los documentos justificativos de la aplicacio\u0301n de los fondos recibidos, incluidos los documentos electro\u0301nicos, en tanto puedan ser objeto de las actuaciones de comprobacio\u0301n y control.<\/p>\n<\/div>\n<\/div>\n<div class=\"layoutArea\">\n<div class=\"column\">\n<p>h) Adoptar las medidas de difusio\u0301n contenidas en el apartado 4 del arti\u0301culo 18 de esta ley.<\/p>\n<\/div>\n<\/div>\n<div class=\"layoutArea\">\n<div class=\"column\">\n<p>i) Proceder al reintegro de los fondos percibidos en los supuestos contemplados en el arti\u0301culo 37 de<\/p>\n<\/div>\n<\/div>\n<div class=\"layoutArea\">\n<div class=\"column\">\n<p>esta ley.<\/p>\n<div class=\"page\" title=\"Page 2\">\n<div class=\"layoutArea\">\n<div class=\"column\">\n<p><em>2. La rendici\u00f3n de cuentas de los perceptores de subvenciones, a que se refiere el art\u00edculo 34.3 de la Ley 7\/1988, de 5 de abril, de funcionamiento del Tribunal de Cuentas, se instrumentara\u0301 a trave\u0301s del cumplimiento de la obligacio\u0301n de justificacio\u0301n al o\u0301rgano concedente o entidad colaboradora, en su caso, de la subvencio\u0301n, regulada en el pa\u0301rrafo b) del apartado 1 de este arti\u0301culo.<\/em><\/p>\n<\/div>\n<\/div>\n<\/div>\n<\/div>\n<\/div>\n<\/div>\n<div class=\"layoutArea\">\n<div class=\"column\">\n<p>d) Estar de alta de terceros en el Sistema de Gestio\u0301n Econo\u0301mica y Financiara del Gobierno de Canarias, conforme a las indicaciones que figuran en el enlace:<\/p>\n<p><a href=\"http:\/\/www.gobiernodecanarias.org\/hacienda\/dgtesoro\/altas_terceros\/\" target=\"_blank\" rel=\"noopener noreferrer\">http:\/\/www.gobiernodecanarias.org\/hacienda\/dgtesoro\/altas_terceros\/<\/a><\/p>\n<p>La entidad colaboradora del Gobierno de Canarias para la gestio\u0301n de estas subvenciones es el Instituto Tecnolo\u0301gico de Canarias, ITC,<\/p>\n<p><strong>Quedan excluidos de estas subvenciones:<\/strong><\/p>\n<p>a) Aquellas en quienes concurra alguna de las circunstancias a que se refiere el arti\u0301culo 13 de la Ley General de Subvenciones, en sus apartados 2 y 3, de los que destacamos:<\/p>\n<div class=\"page\" title=\"Page 2\">\n<div class=\"layoutArea\">\n<div class=\"column\">\n<p><em>Arti\u0301culo 13.2 LGS: No podra\u0301n obtener la condicio\u0301n de beneficiario o entidad colaboradora de las subvenciones reguladas en esta ley las personas o entidades en quienes concurra alguna de las circunstancias siguientes, salvo que por la naturaleza de la subvencio\u0301n se exceptu\u0301e por su normativa reguladora:<\/em><\/p>\n<\/div>\n<\/div>\n<\/div>\n<\/div>\n<\/div>\n<div class=\"section\">\n<div class=\"layoutArea\">\n<div class=\"column\">\n<p>a) Haber sido condenadas mediante sentencia firme a la pena de pe\u0301rdida de la posibilidad de obtener subvenciones o ayudas pu\u0301blicas o por delitos de prevaricacio\u0301n, cohecho, malversacio\u0301n de caudales pu\u0301blicos, tra\u0301fico de influencias, fraudes y exacciones ilegales o delitos urbani\u0301sticos.<\/p>\n<\/div>\n<\/div>\n<div class=\"layoutArea\">\n<div class=\"column\">\n<p>b) Haber solicitado la declaracio\u0301n de concurso voluntario, haber sido declarados insolventes en cualquier procedimiento, hallarse declarados en concurso, salvo que en e\u0301ste haya adquirido la eficacia un convenio, estar sujetos a intervencio\u0301n judicial o haber sido inhabilitados conforme a la Ley 22\/2003, de 9 de julio, Concursal, sin que haya concluido el peri\u0301odo de inhabilitacio\u0301n fijado en la sentencia de calificacio\u0301n del concurso.<\/p>\n<\/div>\n<\/div>\n<div class=\"layoutArea\">\n<div class=\"column\">\n<p>c) Haber dado lugar, por causa de la que hubiesen sido declarados culpables, a la resolucio\u0301n firme de cualquier contrato celebrado con la Administracio\u0301n.<\/p>\n<\/div>\n<\/div>\n<div class=\"layoutArea\">\n<div class=\"column\">\n<p>e) No hallarse al corriente en el cumplimiento de las obligaciones tributarias o frente a la Seguridad Social impuestas por las disposiciones vigentes, en la forma que se determine reglamentariamente.<\/p>\n<\/div>\n<\/div>\n<div class=\"layoutArea\">\n<div class=\"column\">\n<p>g) No hallarse al corriente de pago de obligaciones por reintegro de subvenciones en los te\u0301rminos que reglamentariamente se determinen.<\/p>\n<\/div>\n<\/div>\n<div class=\"layoutArea\">\n<div class=\"column\">\n<p>h) Haber sido sancionado mediante resolucio\u0301n firme con la pe\u0301rdida de la posibilidad de obtener subvenciones conforme a e\u0301sta u otras leyes que asi\u0301 lo establezcan.<\/p>\n<\/div>\n<\/div>\n<div class=\"layoutArea\">\n<div class=\"column\">\n<p>i) No podra\u0301n acceder a la condicio\u0301n de beneficiarios las agrupaciones previstas en el arti\u0301culo 11.3, pa\u0301rrafo segundo cuando concurra alguna de las prohibiciones anteriores en cualquiera de sus miembros.<\/p>\n<\/div>\n<\/div>\n<div class=\"layoutArea\">\n<div class=\"column\">\n<div class=\"page\" title=\"Page 3\">\n<div class=\"layoutArea\">\n<div class=\"column\">\n<p>j) Las prohibiciones de obtener subvenciones afectara\u0301n tambie\u0301n a aquellas empresas de las que, por razo\u0301n de las personas que las rigen o de otras circunstancias, pueda presumirse que son continuacio\u0301n o que derivan, por transformacio\u0301n, fusio\u0301n o sucesio\u0301n, de otras empresas en las que hubiesen concurrido aque\u0301llas.<\/p>\n<\/div>\n<\/div>\n<\/div>\n<\/div>\n<\/div>\n<\/div>\n<div class=\"layoutArea\">\n<div class=\"column\"><\/div>\n<\/div>\n<\/div>\n<div class=\"page\" title=\"Page 3\">\n<div class=\"layoutArea\">\n<div class=\"column\">\n<p>b) \u00a0Aquellas personas a las que no se les haya reconocido por parte de la Mutua el derecho a la prestacio\u0301n extraordinaria por cese de actividad segu\u0301n lo regulado en el arti\u0301culo 17 del RD Ley 8\/2020<\/p>\n<p>c) \u00a0Aquellas cuya actividad no estuviera suspendida por el arti\u0301culo 10 del Real Decreto 463\/2020, en lo que refiere a nuestro sector:<\/p>\n<p><strong>No esta\u0301n incluidas en el cierre:<\/strong><\/p>\n<ul>\n<li style=\"list-style-type: none;\">\n<ul>\n<li>\u00a0Industria Metalmeca\u0301nica,<\/li>\n<li>\u00a0Instalacio\u0301n y Acabado de Obra (fontaneri\u0301a, electricidad, telecomunicaciones,climatizacio\u0301n etc&#8230;, se haga el servicio en obra o en vivienda particular),<\/li>\n<li>Servicios del Metal: reparaciones de electrodome\u0301sticos, etc<\/li>\n<li>Talleres de Reparaciones de Vehi\u0301culos, ITV (afectadas por la limitacio\u0301n dedesplazamientos)<\/li>\n<li>Comercio al por mayor: comercio de maquinaria, hierro, aluminio, suministrosindustriales.<\/li>\n<li>Comercio al por menor de combustible,<\/li>\n<li>Comercio de ordenadores y equipos informa\u0301ticos, telecomunicaciones, audio.<strong>Si esta\u0301n incluidas en el cierre, y por tanto son susceptibles de recibir estas ayudas:<\/strong><\/li>\n<\/ul>\n<\/li>\n<li>Las actividades incluidas en el Comercio minorista.<\/li>\n<\/ul>\n<p>d) Aquellas personas que ejerzan actividades excluidas por determinada normativa europea (ayudas de mi\u0301nimis, en principio no sector metal, ver ANEXO II de esta norma, que podra\u0301 encontrar en la pa\u0301gina web de FEMEPA).<\/p>\n<p><strong>La accio\u0301n subvencionable es la propia suspensio\u0301n de la actividad, y la cuanti\u0301a de la subvencio\u0301n:<\/strong><\/p>\n<p>1. El 30% de la base reguladora.<br \/>\n2. El 30% de la base mi\u0301nima cuando no se acredite el peri\u0301odo mi\u0301nimo de cotizacio\u0301n para tener derecho a la prestacio\u0301n anterior.<\/p>\n<p><strong>En cuanto a las solicitudes y documentacio\u0301n,<\/strong> lo primero que han de tener en cuenta es que las mismas se presentara\u0301n en el momento en el que se efectu\u0301e la convocatoria de subvenciones, haciendo la norma analizada y esta circular referencia a las bases que regulan la concesio\u0301n de las mismas, y por tanto siendo especialmente importante esta informacio\u0301n para, en la medida de lo posible, preparar toda la documentacio\u0301n acreditativa del cumplimiento de los requisitos que se han detallado.<\/p>\n<p>En particular, debera\u0301n:<\/p>\n<p>1\u00ba. Acreditar mediante declaracio\u0301n responsable el no estar incursa en ninguna de las prohibiciones previstas en el arti\u0301culo 13 de la Ley General de Subvenciones, y segu\u0301n lo establecido en el arti\u0301culo RLGS.<\/p>\n<p>2\u00ba. Declarar las subvenciones, ayudas, ingresos o recursos obtenidos o solicitados para la misma finalidad, o en su caso, na declaracio\u0301n expresa de no haberlas solicitado.<\/p>\n<p>3\u00ba. Comunicar por escrito la solicitud y\/o concesio\u0301n de otras subvenciones, ayudas, ingresos o recursos o las nuevas situaciones que puedan producirse al respecto Se indicara\u0301 asimismo si esta\u0301n acogidas al re\u0301gimen de mi\u0301nimos.<\/p>\n<p>4\u00ba. Acreditar el reconocimiento por parte de la Mutua del derecho a la prestacio\u0301n extraordinaria prevista en el arti\u0301culo 17.1 del Real Decreto Ley 8\/2020, de 17 de marzo.<\/p>\n<\/div>\n<\/div>\n<\/div>\n<div class=\"page\" title=\"Page 4\">\n<div class=\"layoutArea\">\n<div class=\"column\">\n<p>Estas subvenciones se tramitara\u0301n, en todo caso, a trave\u0301s de la sede electro\u0301nica del Gobierno de Canarias, Servicio Canario de Empleo:<\/p>\n<p><a href=\"https:\/\/sede.gobcan.es\/empleo\/\" target=\"_blank\" rel=\"noopener noreferrer\">https:\/\/sede.gobcan.es\/empleo\/<\/a><\/p>\n<p>Adema\u0301s, la presentacio\u0301n de la solicitud de subvencio\u0301n supone la prestacio\u0301n del consentimiento de la persona solicitante para que el SCE pueda recabar electro\u0301nicamente, a trave\u0301s de sus redes corporativas o mediante consulta a las plataformas de intermediacio\u0301n de datos u otros sistemas electro\u0301nicos habilitados al efecto, la informacio\u0301n relativa a:<\/p>\n<\/div>\n<\/div>\n<div class=\"layoutArea\">\n<div class=\"column\">\n<ul>\n<li>Estar al corriente del cumplimiento de obligaciones tributarias estatales, autono\u0301micas y con la Seguridad Social, que se efectuara\u0301 segu\u0301n lo establecido en el arti\u0301culo 13.2.e) de la LGS en relacio\u0301n con el arti\u0301culo 22 del RLGS.<\/li>\n<li>Comprobacio\u0301n en su vida laboral del alta como persona trabajadora auto\u0301noma en el momento de la declaracio\u0301n del estado de alarma, asi\u0301 como la suspensio\u0301n de su actividad como consecuencia de dicho estado.<\/li>\n<li>Comprobacio\u0301n ante la Agencia Estatal de Administracio\u0301n Tributaria del alta de actividades en el censo de obligados tributarios.<\/li>\n<\/ul>\n<\/div>\n<\/div>\n<div class=\"layoutArea\">\n<div class=\"column\">\n<p>Es especialmente importante, para aquellos interesados en la solicitud de estas subvenciones, recabar toda la documentacio\u0301n solicitada para su presentacio\u0301n en el momento en que se efectu\u0301e la convocatoria de las mismas, puesto que la en la tramitacio\u0301n de las mismas <strong>se guardara\u0301 el orden estricto de presentacio\u0301n de las mismas a nivel autono\u0301mico en la sede electro\u0301nica del SCE.<\/strong><\/p>\n<p>A fin de que puedan contar con la misma, desde el equipo juri\u0301dico de FEMEPA se esta\u0301n elaborando los modelos de Declaracio\u0301n Responsable a los que se hace referencia, y que se pondra\u0301n a su disposicio\u0301n en la pa\u0301gina web de FEMEPA, a la mayor brevedad.<\/p>\n<p>Esperando que esta informacio\u0301n pueda ser de su intere\u0301s, reciba un cordial saludo.<\/p>\n<p style=\"text-align: right;\"><strong>Juan Carlos Betancor Garci\u0301a<\/strong><br \/>\n<em>Secretario General de FEMEPA<\/em><\/p>\n<\/div>\n<h3 style=\"text-align: center;\"><strong>Descargar esta circular en .pdf <a href=\"http:\/\/kubo.femepa.org\/wp-content\/uploads\/2020\/04\/CIRCULAR-No-23.-SUBVENCIONES-AUTONOMOS-GOBIERNO-DE-CANARIAS.pdf\" target=\"_blank\" rel=\"noopener noreferrer\">AQU\u00cd<\/a><\/strong><\/h3>\n<\/div>\n<\/div>\n","protected":false},"excerpt":{"rendered":"<p>En Las Palmas, a 27 de abril de 2020 Estimados\/as Asociados\/as: Hoy di\u0301a 27 se ha publicado en el Boleti\u0301n Oficial de Canarias la Orden de 21 de abril de 2020, que regula, en re\u0301gimen de concesio\u0301n de subvenciones, la prestacio\u0301n extraordinaria pos suspensio\u0301n de actividad para los afectados por la declaracio\u0301n del estado de [&hellip;]<\/p>\n","protected":false},"author":4,"featured_media":21929,"comment_status":"closed","ping_status":"closed","sticky":false,"template":"","format":"standard","meta":{"_acf_changed":false,"rs_blank_template":"","rs_page_bg_color":"","slide_template_v7":"","footnotes":""},"categories":[1],"tags":[1369,64,140,187,366],"class_list":["post-21927","post","type-post","status-publish","format-standard","has-post-thumbnail","hentry","category-sin-categoria","tag-autonomos-as","tag-femepa","tag-gobierno-de-canarias","tag-subvencion","tag-subvenciones"],"acf":[],"_links":{"self":[{"href":"https:\/\/femepa.org\/web\/wp-json\/wp\/v2\/posts\/21927","targetHints":{"allow":["GET"]}}],"collection":[{"href":"https:\/\/femepa.org\/web\/wp-json\/wp\/v2\/posts"}],"about":[{"href":"https:\/\/femepa.org\/web\/wp-json\/wp\/v2\/types\/post"}],"author":[{"embeddable":true,"href":"https:\/\/femepa.org\/web\/wp-json\/wp\/v2\/users\/4"}],"replies":[{"embeddable":true,"href":"https:\/\/femepa.org\/web\/wp-json\/wp\/v2\/comments?post=21927"}],"version-history":[{"count":0,"href":"https:\/\/femepa.org\/web\/wp-json\/wp\/v2\/posts\/21927\/revisions"}],"wp:featuredmedia":[{"embeddable":true,"href":"https:\/\/femepa.org\/web\/wp-json\/wp\/v2\/media\/21929"}],"wp:attachment":[{"href":"https:\/\/femepa.org\/web\/wp-json\/wp\/v2\/media?parent=21927"}],"wp:term":[{"taxonomy":"category","embeddable":true,"href":"https:\/\/femepa.org\/web\/wp-json\/wp\/v2\/categories?post=21927"},{"taxonomy":"post_tag","embeddable":true,"href":"https:\/\/femepa.org\/web\/wp-json\/wp\/v2\/tags?post=21927"}],"curies":[{"name":"wp","href":"https:\/\/api.w.org\/{rel}","templated":true}]}}