{"id":24902,"date":"2020-04-30T20:03:09","date_gmt":"2020-04-30T20:03:09","guid":{"rendered":"https:\/\/femepa.org\/web\/?p=24902"},"modified":"2020-04-30T20:03:09","modified_gmt":"2020-04-30T20:03:09","slug":"satisfaccion-en-los-casi-200-participantes-del-seminario-web-de-femepa-en-clave-laboral","status":"publish","type":"post","link":"https:\/\/femepa.org\/web\/satisfaccion-en-los-casi-200-participantes-del-seminario-web-de-femepa-en-clave-laboral\/","title":{"rendered":"Satisfacci\u00f3n en los casi 200 participantes del seminario web de Femepa en clave laboral"},"content":{"rendered":"<p>&nbsp;<\/p>\n<p>La Federaci\u00f3n de la pyme del Metal y Nuevas Tecnolog\u00edas de Las Palmas contin\u00faa cosechando \u00e9xitos en las jornadas online que est\u00e1 celebrando, al contar con expertos destacados en las materias que m\u00e1s preocupan en estos momentos a pymes y aut\u00f3nomos\/as.<\/p>\n<p>En este sentido, la \u00faltima cita virtual, centrada en el \u00e1mbito laboral, respond\u00eda a una demanda realizada por los propios participantes de la anterior convocatoria. No obstante, este inter\u00e9s no s\u00f3lo quedaba reflejado en el n\u00famero de inscritos, sino tambi\u00e9n en la gran cantidad de preguntas formuladas a estos tres \u201cinvitados de lujo\u201d, como los calificaba el presidente de Femepa, <strong>Vicente Marrero<\/strong>.<\/p>\n<p>En primer lugar, el director provincial del SEPE, <strong>Pedro Duarte<\/strong>, se centraba en la protecci\u00f3n por desempleo en la crisis del COVID-19, dando cifras de los ERTEs tramitados hasta el 24 de abril, tanto los referentes a reducci\u00f3n de jornada como a suspensi\u00f3n. Asimismo, diferenciaba entre el ERTE que se presenta ante la autoridad laboral para que sea aprobado y las solicitudes colectivas de prestaciones por desempleo, ya que corresponden a la principal novedad que introduce el Decreto-ley.<\/p>\n<p>Duarte tambi\u00e9n mencionaba los nuevos subsidios que han surgido, tanto para las empleadas del hogar como para el desempleo excepcional por fin de contrato temporal, al tiempo que hablaba de colapso a la hora de la tramitaci\u00f3n colectiva de las empresas al haber dado un corto per\u00edodo de tiempo para la presentaci\u00f3n.<\/p>\n<p>Seguidamente, cog\u00eda el testigo el jefe del Servicio de Promoci\u00f3n de la Econom\u00eda Social del Servicio Canario de Empleo, <strong>Emiliano Santana<\/strong>, cuya ponencia versaba sobre las ayudas para aut\u00f3nomos\/as del Gobierno de Canarias. Sin duda, un tema relevante, ya que muchas veces no se solicitan por desconocimiento.<\/p>\n<p>Santana dejaba claro en todo momento que, desde el Servicio Canario de Empleo, se pretend\u00eda favorecer \u201cla reincorporaci\u00f3n en la desescalada\u201d; motivo por el cual se estaban adoptando medidas para ayudar a la reincorporaci\u00f3n en el mercado de todos los aut\u00f3nomos, que en Canarias son 128.000, si se incluyen los societarios. \u201cEstamos prestando unos servicios potentes\u201d, conclu\u00eda.<\/p>\n<p>A continuaci\u00f3n, llegaba el turno del jefe provincial de Inspecci\u00f3n de Trabajo, <strong>Andr\u00e9s Fern\u00e1ndez Temprano<\/strong>, que especificaba, en primer lugar, que \u201cestamos ante una crisis sanitaria, no laboral, aunque tenga incidencias\u201d, mientras nombraba las cuatro divisiones de su administraci\u00f3n: Prevenci\u00f3n de Riesgos Laborales, tramitaci\u00f3n de ERTEs, nuevas obligaciones laborales y fraudes en las prestaciones por desempleo.<\/p>\n<p>Asimismo, afirmaba que \u201cseguimos siendo accesibles como servicio p\u00fablico\u201d. No en vano, citaba la habilitaci\u00f3n del registro electr\u00f3nico, que opera 24 horas al d\u00eda, donde se pueden presentar todos los documentos requeridos, al tiempo que a\u00f1ad\u00eda: \u201cEstamos operativos porque todos los inspectores y subinspectores siguen desarrollando su labor con teletrabajo desde el minuto 1, salvo cuando es imprescindible personarse\u201d.<\/p>\n<p>Por \u00faltimo, la jornada se zanjaba con la respuesta a la mayor\u00eda de las cuestiones realizadas por los participantes, tanto de Zoom como de Facebook Live, aunque quedaban algunas en el tintero, que ser\u00e1n resueltas por escrito.<\/p>\n<p><iframe title=\"Webinar: Femepa responde tus dudas con expertos en materia laboral\" width=\"500\" height=\"281\" src=\"https:\/\/www.youtube.com\/embed\/Y3f4AWkLMZ0?feature=oembed\" frameborder=\"0\" allow=\"accelerometer; autoplay; clipboard-write; encrypted-media; gyroscope; picture-in-picture; web-share\" referrerpolicy=\"strict-origin-when-cross-origin\" allowfullscreen><\/iframe><\/p>\n","protected":false},"excerpt":{"rendered":"<p>&nbsp; La Federaci\u00f3n de la pyme del Metal y Nuevas Tecnolog\u00edas de Las Palmas contin\u00faa cosechando \u00e9xitos en las jornadas online que est\u00e1 celebrando, al contar con expertos destacados en las materias que m\u00e1s preocupan en estos momentos a pymes y aut\u00f3nomos\/as. En este sentido, la \u00faltima cita virtual, centrada en el \u00e1mbito laboral, respond\u00eda [&hellip;]<\/p>\n","protected":false},"author":4,"featured_media":24910,"comment_status":"closed","ping_status":"closed","sticky":false,"template":"","format":"standard","meta":{"_acf_changed":false,"rs_blank_template":"","rs_page_bg_color":"","slide_template_v7":"","footnotes":""},"categories":[1],"tags":[],"class_list":["post-24902","post","type-post","status-publish","format-standard","has-post-thumbnail","hentry","category-sin-categoria"],"acf":[],"_links":{"self":[{"href":"https:\/\/femepa.org\/web\/wp-json\/wp\/v2\/posts\/24902","targetHints":{"allow":["GET"]}}],"collection":[{"href":"https:\/\/femepa.org\/web\/wp-json\/wp\/v2\/posts"}],"about":[{"href":"https:\/\/femepa.org\/web\/wp-json\/wp\/v2\/types\/post"}],"author":[{"embeddable":true,"href":"https:\/\/femepa.org\/web\/wp-json\/wp\/v2\/users\/4"}],"replies":[{"embeddable":true,"href":"https:\/\/femepa.org\/web\/wp-json\/wp\/v2\/comments?post=24902"}],"version-history":[{"count":0,"href":"https:\/\/femepa.org\/web\/wp-json\/wp\/v2\/posts\/24902\/revisions"}],"wp:featuredmedia":[{"embeddable":true,"href":"https:\/\/femepa.org\/web\/wp-json\/wp\/v2\/media\/24910"}],"wp:attachment":[{"href":"https:\/\/femepa.org\/web\/wp-json\/wp\/v2\/media?parent=24902"}],"wp:term":[{"taxonomy":"category","embeddable":true,"href":"https:\/\/femepa.org\/web\/wp-json\/wp\/v2\/categories?post=24902"},{"taxonomy":"post_tag","embeddable":true,"href":"https:\/\/femepa.org\/web\/wp-json\/wp\/v2\/tags?post=24902"}],"curies":[{"name":"wp","href":"https:\/\/api.w.org\/{rel}","templated":true}]}}