{"id":24922,"date":"2020-05-05T10:50:50","date_gmt":"2020-05-05T10:50:50","guid":{"rendered":"https:\/\/femepa.org\/web\/?p=24922"},"modified":"2020-05-05T10:50:50","modified_gmt":"2020-05-05T10:50:50","slug":"llega-a-canarias-lacarreramaslarga-de-la-historia-contra-el-cancer-y-el-covid-19","status":"publish","type":"post","link":"https:\/\/femepa.org\/web\/llega-a-canarias-lacarreramaslarga-de-la-historia-contra-el-cancer-y-el-covid-19\/","title":{"rendered":"Llega a Canarias #LaCarreraM\u00e1sLarga de la historia contra el c\u00e1ncer y el COVID-19"},"content":{"rendered":"<p>&nbsp;<\/p>\n<p>Del 7 al 10 de mayo, llegar\u00e1 a Canarias la carrera solidaria m\u00e1s larga de la historia, organizada por la <a href=\"https:\/\/www.aecc.es\/es\" target=\"_blank\" rel=\"noopener noreferrer\"><strong>Asociaci\u00f3n Espa\u00f1ola Contra el C\u00e1ncer (AECC)<\/strong><\/a> con un triple objetivo:<\/p>\n<ul>\n<li>Proteger a las personas con c\u00e1ncer frente al coronavirus, anim\u00e1ndoles a que se queden en casa.<\/li>\n<li>Recaudar fondos para seguir haciendo frente a la enfermedad.<\/li>\n<li>Favorecer los h\u00e1bitos de vida saludables, a partir del ejercicio f\u00edsico.<\/li>\n<\/ul>\n<p>Si quieres participar, puedes adquirir tu dorsal en el siguiente enlace:<a href=\"https:\/\/www.aecc.es\/es\/la-carrera-mas-larga\/laspalmas\" target=\"_blank\" rel=\"noopener noreferrer\"> https:\/\/www.aecc.es\/es\/la-carrera-mas-larga\/laspalmas<\/a><\/p>\n<p><iframe title=\"La carrera m\u00e1s larga\" width=\"500\" height=\"281\" src=\"https:\/\/www.youtube.com\/embed\/-WMrJC6ypRQ?feature=oembed\" frameborder=\"0\" allow=\"accelerometer; autoplay; clipboard-write; encrypted-media; gyroscope; picture-in-picture; web-share\" referrerpolicy=\"strict-origin-when-cross-origin\" allowfullscreen><\/iframe><\/p>\n","protected":false},"excerpt":{"rendered":"<p>&nbsp; Del 7 al 10 de mayo, llegar\u00e1 a Canarias la carrera solidaria m\u00e1s larga de la historia, organizada por la Asociaci\u00f3n Espa\u00f1ola Contra el C\u00e1ncer (AECC) con un triple objetivo: Proteger a las personas con c\u00e1ncer frente al coronavirus, anim\u00e1ndoles a que se queden en casa. Recaudar fondos para seguir haciendo frente a la [&hellip;]<\/p>\n","protected":false},"author":4,"featured_media":24923,"comment_status":"closed","ping_status":"closed","sticky":false,"template":"","format":"standard","meta":{"_acf_changed":false,"rs_blank_template":"","rs_page_bg_color":"","slide_template_v7":"","footnotes":""},"categories":[1],"tags":[941,1470,1471,1355,64],"class_list":["post-24922","post","type-post","status-publish","format-standard","has-post-thumbnail","hentry","category-sin-categoria","tag-aecc","tag-cancer","tag-carrera-solidaria","tag-covid-19","tag-femepa"],"acf":[],"_links":{"self":[{"href":"https:\/\/femepa.org\/web\/wp-json\/wp\/v2\/posts\/24922","targetHints":{"allow":["GET"]}}],"collection":[{"href":"https:\/\/femepa.org\/web\/wp-json\/wp\/v2\/posts"}],"about":[{"href":"https:\/\/femepa.org\/web\/wp-json\/wp\/v2\/types\/post"}],"author":[{"embeddable":true,"href":"https:\/\/femepa.org\/web\/wp-json\/wp\/v2\/users\/4"}],"replies":[{"embeddable":true,"href":"https:\/\/femepa.org\/web\/wp-json\/wp\/v2\/comments?post=24922"}],"version-history":[{"count":0,"href":"https:\/\/femepa.org\/web\/wp-json\/wp\/v2\/posts\/24922\/revisions"}],"wp:featuredmedia":[{"embeddable":true,"href":"https:\/\/femepa.org\/web\/wp-json\/wp\/v2\/media\/24923"}],"wp:attachment":[{"href":"https:\/\/femepa.org\/web\/wp-json\/wp\/v2\/media?parent=24922"}],"wp:term":[{"taxonomy":"category","embeddable":true,"href":"https:\/\/femepa.org\/web\/wp-json\/wp\/v2\/categories?post=24922"},{"taxonomy":"post_tag","embeddable":true,"href":"https:\/\/femepa.org\/web\/wp-json\/wp\/v2\/tags?post=24922"}],"curies":[{"name":"wp","href":"https:\/\/api.w.org\/{rel}","templated":true}]}}