{"id":26634,"date":"2020-05-18T12:00:06","date_gmt":"2020-05-18T12:00:06","guid":{"rendered":"https:\/\/femepa.org\/web\/?p=26634"},"modified":"2020-05-18T12:00:06","modified_gmt":"2020-05-18T12:00:06","slug":"el-ayuntamiento-de-telde-convoca-a-la-o-t-de-parques-empresariales-y-poligonos-industriales-de-femepa-para-presentarle-el-plan-de-reactivacion-economica-del-municipio","status":"publish","type":"post","link":"https:\/\/femepa.org\/web\/el-ayuntamiento-de-telde-convoca-a-la-o-t-de-parques-empresariales-y-poligonos-industriales-de-femepa-para-presentarle-el-plan-de-reactivacion-economica-del-municipio\/","title":{"rendered":"El Ayuntamiento de Telde convoca a la O.T. de Parques Empresariales y Pol\u00edgonos Industriales de Femepa para presentarle el Plan de reactivaci\u00f3n econ\u00f3mica del municipio"},"content":{"rendered":"<p>&nbsp;<\/p>\n<p>El consistorio teldense, liderado por su alcalde <strong>H\u00e9ctor Su\u00e1rez<\/strong>, ha presentado \u2013de forma virtual- el Plan de reactivaci\u00f3n econ\u00f3mica que este ayuntamiento pondr\u00e1 en marcha, tras haber escuchado a todas las partes implicadas, entre las que se encuentran las peque\u00f1as y medianas empresas que conforman todas las \u00e1reas industriales del municipio.<\/p>\n<p>En este sentido, la t\u00e9cnica de la Oficina T\u00e9cnica de Parques Empresariales y Pol\u00edgonos Industriales de Femepa, <strong>Mary Pino Rodr\u00edguez<\/strong>, ha participado en este encuentro digital, en el que estuvo acompa\u00f1ada por la presidenta del Parque Empresarial Maip\u00e9z \u2013 Lomo La Francia, <strong>M\u00f3nica Mu\u00f1oz<\/strong>; el presidente y vicepresidente del Parque Empresarial La Cinsa, <strong>Javier Ortiz <\/strong>y <strong>Yeray Ojeda<\/strong>, respectivamente; y miembros de la junta directiva de la Asociaci\u00f3n de Empresarios Urbanizaci\u00f3n Salinetas, <strong>Marisol Roque <\/strong>y<strong> Ruth Campillo. <\/strong><\/p>\n","protected":false},"excerpt":{"rendered":"<p>&nbsp; El consistorio teldense, liderado por su alcalde H\u00e9ctor Su\u00e1rez, ha presentado \u2013de forma virtual- el Plan de reactivaci\u00f3n econ\u00f3mica que este ayuntamiento pondr\u00e1 en marcha, tras haber escuchado a todas las partes implicadas, entre las que se encuentran las peque\u00f1as y medianas empresas que conforman todas las \u00e1reas industriales del municipio. En este sentido, [&hellip;]<\/p>\n","protected":false},"author":4,"featured_media":26635,"comment_status":"closed","ping_status":"closed","sticky":false,"template":"","format":"standard","meta":{"_acf_changed":false,"rs_blank_template":"","rs_page_bg_color":"","slide_template_v7":"","footnotes":""},"categories":[1],"tags":[],"class_list":["post-26634","post","type-post","status-publish","format-standard","has-post-thumbnail","hentry","category-sin-categoria"],"acf":[],"_links":{"self":[{"href":"https:\/\/femepa.org\/web\/wp-json\/wp\/v2\/posts\/26634","targetHints":{"allow":["GET"]}}],"collection":[{"href":"https:\/\/femepa.org\/web\/wp-json\/wp\/v2\/posts"}],"about":[{"href":"https:\/\/femepa.org\/web\/wp-json\/wp\/v2\/types\/post"}],"author":[{"embeddable":true,"href":"https:\/\/femepa.org\/web\/wp-json\/wp\/v2\/users\/4"}],"replies":[{"embeddable":true,"href":"https:\/\/femepa.org\/web\/wp-json\/wp\/v2\/comments?post=26634"}],"version-history":[{"count":0,"href":"https:\/\/femepa.org\/web\/wp-json\/wp\/v2\/posts\/26634\/revisions"}],"wp:featuredmedia":[{"embeddable":true,"href":"https:\/\/femepa.org\/web\/wp-json\/wp\/v2\/media\/26635"}],"wp:attachment":[{"href":"https:\/\/femepa.org\/web\/wp-json\/wp\/v2\/media?parent=26634"}],"wp:term":[{"taxonomy":"category","embeddable":true,"href":"https:\/\/femepa.org\/web\/wp-json\/wp\/v2\/categories?post=26634"},{"taxonomy":"post_tag","embeddable":true,"href":"https:\/\/femepa.org\/web\/wp-json\/wp\/v2\/tags?post=26634"}],"curies":[{"name":"wp","href":"https:\/\/api.w.org\/{rel}","templated":true}]}}