{"id":26677,"date":"2020-05-21T22:57:59","date_gmt":"2020-05-21T22:57:59","guid":{"rendered":"https:\/\/femepa.org\/web\/?p=26677"},"modified":"2020-05-21T22:57:59","modified_gmt":"2020-05-21T22:57:59","slug":"circular-no31-orden-snd-414-2020-de-16-de-mayo-para-la-flexibilizacion-de-determinadas-restricciones-de-ambito-nacional-establecidas-tras-la-declaracion-del-estado-de-alarma-en-aplicacion-de-la-fa","status":"publish","type":"post","link":"https:\/\/femepa.org\/web\/circular-no31-orden-snd-414-2020-de-16-de-mayo-para-la-flexibilizacion-de-determinadas-restricciones-de-ambito-nacional-establecidas-tras-la-declaracion-del-estado-de-alarma-en-aplicacion-de-la-fa\/","title":{"rendered":"CIRCULAR N\u00ba31.- Orden SND\/414\/2020, de 16 de mayo, para la flexibilizaci\u00f3n de determinadas restricciones de \u00e1mbito nacional establecidas tras la declaraci\u00f3n del estado de alarma en aplicaci\u00f3n de la fase 2 del Plan para la transici\u00f3n hacia una nueva normalidad"},"content":{"rendered":"<p style=\"text-align: right;\">En Las Palmas de Gran Canaria, a 20 de mayo de 2020<\/p>\n<p>Estimados\/as Asociados\/as:<\/p>\n<p>Por medio del presente, les informo que en el Bolet\u00edn Oficial del Estado n\u00famero 138, del d\u00eda 16 de mayo, se ha publicado la Orden SND\/414\/2020, de 16 de mayo, (<a href=\"https:\/\/www.boe.es\/boe\/dias\/2020\/05\/16\/pdfs\/BOE-A-2020-5088.pdf\">https:\/\/www.boe.es\/boe\/dias\/2020\/05\/16\/pdfs\/BOE-A-2020-5088.pdf<\/a>)\u00a0 para la flexibilizaci\u00f3n de determinadas restricciones de \u00e1mbito nacional establecidas tras la declaraci\u00f3n del estado de alarma en aplicaci\u00f3n de la fase 2 del Plan para la transici\u00f3n hacia la nueva normalidad.<\/p>\n<p>Esta orden recoge una serie de medidas para garantizar la protecci\u00f3n de los trabajadores en su puesto de trabajo y evitar la concentraci\u00f3n de personas en determinados momentos en el nuevo escenario proporcionado por esta fase 2.<\/p>\n<p>A continuaci\u00f3n, hacemos un breve resumen de la presente Orden Ministerial:<\/p>\n<p>En el \u00e1mbito del <u>comercio minorista y de prestaci\u00f3n de servicios<\/u>, se podr\u00e1 proceder a la reapertura al p\u00fablico de centros y parques comerciales, prohibiendo la permanencia en las zonas comunes o \u00e1reas recreativas y limitando el aforo de los establecimientos comerciales situados en ellos al cuarenta por ciento. Tambi\u00e9n se ampl\u00eda el n\u00famero de puestos que pueden operar en mercados al aire libre a un tercio de los puestos habituales o autorizados, limitando al mismo tiempo la afluencia de clientes, de manera que se asegure el mantenimiento de la distancia social de dos metros.<\/p>\n<p>Con respecto a las <u>actividades de hosteler\u00eda y restauraci\u00f3n<\/u>, podr\u00e1 procederse a la reapertura al p\u00fablico de estos establecimientos para consumo en el local, salvo los locales de discotecas y bares de ocio nocturno, siempre que no se supere el cuarenta por ciento de su aforo y se cumplan las medidas establecidas en esta orden.<\/p>\n<p>Podr\u00e1 procederse a la <u>reapertura al p\u00fablico de las zonas comunes de los hoteles y alojamientos tur\u00edsticos<\/u> que hubieran suspendido su apertura al p\u00fablico en virtud de la Orden SND\/257\/2020, de 19 de marzo, por la que se declara la suspensi\u00f3n de apertura al p\u00fablico establecimientos de alojamiento tur\u00edstico, siempre que no se supere un tercio de su aforo.<\/p>\n<p>Se posibilita la <u>reapertura de locales y establecimientos destinados a actos y espect\u00e1culos culturales<\/u>. Si el acto o espect\u00e1culo se celebra en lugares cerrados, el espectador deber\u00e1 contar con asiento o butaca pre-asignada y no podr\u00e1 superarse un tercio del aforo original, ni reunir m\u00e1s de cincuenta personas. Trat\u00e1ndose de actividades al aire libre, el p\u00fablico deber\u00e1 permanecer sentado, guardando la distancia necesaria y no podr\u00e1 superarse un tercio del aforo original ni reunir m\u00e1s de cuatrocientas personas.<\/p>\n<p>Se establecen igualmente las <u>pautas y recomendaciones para la reanudaci\u00f3n de la actividad de salas de exposiciones, y centros con visita p\u00fablica,<\/u> en los que se exhiban p\u00fablicamente bienes culturales con presencia de personal de atenci\u00f3n al p\u00fablico en sala, as\u00ed como personal de seguridad y de limpieza, y en los que se realizan trabajos de montaje y desmontaje de exposiciones que implican el traslado y la manipulaci\u00f3n de bienes culturales.<\/p>\n<p><u>Se permite la celebraci\u00f3n de congresos, encuentros, reuniones de negocio y conferencias sin que se supere la cifra de cincuenta asistentes<\/u> y siempre que se respete la distancia f\u00edsica exigida de dos metros.<\/p>\n<p>Esta orden surtir\u00e1 plenos efectos desde las 00:00 horas del d\u00eda 18 de mayo de 2020 y mantendr\u00e1 su eficacia durante toda la vigencia del estado de alarma y sus posibles pr\u00f3rrogas, en las islas de La Gomera, El Hierro, La Graciosa y Formentera, como \u00fanicas unidades territoriales que pasan a la Fase 2.<\/p>\n<p>Esperando que sea de su inter\u00e9s, reciba un cordial saludo<\/p>\n<p style=\"text-align: right;\"><strong>Juan Carlos Betancor Garc\u00eda<\/strong><br \/>\n<em>Secretario General de FEMEPA<\/em><\/p>\n<h3 style=\"text-align: center;\">Descargar esta circular en .pdf <a href=\"http:\/\/kubo.femepa.org\/wp-content\/uploads\/2020\/05\/Circular-no31.pdf\" target=\"_blank\" rel=\"noopener noreferrer\">AQU\u00cd<\/a><\/h3>\n","protected":false},"excerpt":{"rendered":"<p>En Las Palmas de Gran Canaria, a 20 de mayo de 2020 Estimados\/as Asociados\/as: Por medio del presente, les informo que en el Bolet\u00edn Oficial del Estado n\u00famero 138, del d\u00eda 16 de mayo, se ha publicado la Orden SND\/414\/2020, de 16 de mayo, (https:\/\/www.boe.es\/boe\/dias\/2020\/05\/16\/pdfs\/BOE-A-2020-5088.pdf)\u00a0 para la flexibilizaci\u00f3n de determinadas restricciones de \u00e1mbito nacional establecidas [&hellip;]<\/p>\n","protected":false},"author":4,"featured_media":26682,"comment_status":"closed","ping_status":"closed","sticky":false,"template":"","format":"standard","meta":{"_acf_changed":false,"rs_blank_template":"","rs_page_bg_color":"","slide_template_v7":"","footnotes":""},"categories":[1],"tags":[1510,1354,1355,1511,1512],"class_list":["post-26677","post","type-post","status-publish","format-standard","has-post-thumbnail","hentry","category-sin-categoria","tag-comercio-minorista","tag-coronavirus","tag-covid-19","tag-hosteleria","tag-restauracion"],"acf":[],"_links":{"self":[{"href":"https:\/\/femepa.org\/web\/wp-json\/wp\/v2\/posts\/26677","targetHints":{"allow":["GET"]}}],"collection":[{"href":"https:\/\/femepa.org\/web\/wp-json\/wp\/v2\/posts"}],"about":[{"href":"https:\/\/femepa.org\/web\/wp-json\/wp\/v2\/types\/post"}],"author":[{"embeddable":true,"href":"https:\/\/femepa.org\/web\/wp-json\/wp\/v2\/users\/4"}],"replies":[{"embeddable":true,"href":"https:\/\/femepa.org\/web\/wp-json\/wp\/v2\/comments?post=26677"}],"version-history":[{"count":0,"href":"https:\/\/femepa.org\/web\/wp-json\/wp\/v2\/posts\/26677\/revisions"}],"wp:featuredmedia":[{"embeddable":true,"href":"https:\/\/femepa.org\/web\/wp-json\/wp\/v2\/media\/26682"}],"wp:attachment":[{"href":"https:\/\/femepa.org\/web\/wp-json\/wp\/v2\/media?parent=26677"}],"wp:term":[{"taxonomy":"category","embeddable":true,"href":"https:\/\/femepa.org\/web\/wp-json\/wp\/v2\/categories?post=26677"},{"taxonomy":"post_tag","embeddable":true,"href":"https:\/\/femepa.org\/web\/wp-json\/wp\/v2\/tags?post=26677"}],"curies":[{"name":"wp","href":"https:\/\/api.w.org\/{rel}","templated":true}]}}