{"id":26695,"date":"2020-05-23T12:26:31","date_gmt":"2020-05-23T12:26:31","guid":{"rendered":"https:\/\/femepa.org\/web\/?p=26695"},"modified":"2020-05-23T12:26:31","modified_gmt":"2020-05-23T12:26:31","slug":"el-director-de-la-tgss-aclarara-las-novedades-sobre-los-ertes-por-fuerza-mayor-en-un-seminario-web-gratuito-organizado-por-femepa","status":"publish","type":"post","link":"https:\/\/femepa.org\/web\/el-director-de-la-tgss-aclarara-las-novedades-sobre-los-ertes-por-fuerza-mayor-en-un-seminario-web-gratuito-organizado-por-femepa\/","title":{"rendered":"El director de la TGSS aclarar\u00e1 las \u201cNovedades sobre los ERTEs por fuerza mayor\u201d en un seminario web gratuito organizado por Femepa"},"content":{"rendered":"<p>&nbsp;<\/p>\n<p>Femepa contin\u00faa trabajando para ofrecer informaci\u00f3n de inter\u00e9s a sus empresas asociadas y al p\u00fablico en general, celebrando cada semana encuentros virtuales con expertos en las diferentes materias relevantes durante la crisis sanitaria.<\/p>\n<p>En esta ocasi\u00f3n, el director provincial de la TGSS (Tesorer\u00eda General de la Seguridad Social), <strong>Francisco \u00c1ngel Capell\u00e1n<\/strong>, hablar\u00e1 \u2013el jueves 28 de mayo, a partir de las 13:00 horas- de las \u201cnovedades sobre los ERTEs por fuerza mayor\u201d.<\/p>\n<p>En este sentido, Capell\u00e1n ahondar\u00e1 en el Real Decreto Ley 18\/2020, de 12 de mayo, que establece las especialidades aplicables a los ERTE por fuerza mayor derivada del COVID-19 durante el desconfinamiento, las nuevas definiciones de fuerza mayor TOTAL y PARCIAL derivada del COVID-19, las exoneraciones de cuotas de la TGSS en estos casos, la din\u00e1mica y la liquidaci\u00f3n de los seguros sociales de los meses de mayo y junio, y el requisito de mantenimiento del empleo.<\/p>\n<p>Este encuentro virtual est\u00e1 abierto al p\u00fablico en general, por lo que las personas interesadas en participar deber\u00e1n formalizar la inscripci\u00f3n en el siguiente enlace: <\/p>\n<h2 style=\"text-align: center;\"><\/h2>\n","protected":false},"excerpt":{"rendered":"<p>&nbsp; Femepa contin\u00faa trabajando para ofrecer informaci\u00f3n de inter\u00e9s a sus empresas asociadas y al p\u00fablico en general, celebrando cada semana encuentros virtuales con expertos en las diferentes materias relevantes durante la crisis sanitaria. En esta ocasi\u00f3n, el director provincial de la TGSS (Tesorer\u00eda General de la Seguridad Social), Francisco \u00c1ngel Capell\u00e1n, hablar\u00e1 \u2013el jueves [&hellip;]<\/p>\n","protected":false},"author":4,"featured_media":26697,"comment_status":"closed","ping_status":"closed","sticky":false,"template":"","format":"standard","meta":{"_acf_changed":false,"rs_blank_template":"","rs_page_bg_color":"","slide_template_v7":"","footnotes":""},"categories":[1],"tags":[1516,1517,64,1444,1446,1440],"class_list":["post-26695","post","type-post","status-publish","format-standard","has-post-thumbnail","hentry","category-sin-categoria","tag-desconfinamiento","tag-ertes","tag-femepa","tag-francisco-angel-capellan","tag-tgss","tag-webinar"],"acf":[],"_links":{"self":[{"href":"https:\/\/femepa.org\/web\/wp-json\/wp\/v2\/posts\/26695","targetHints":{"allow":["GET"]}}],"collection":[{"href":"https:\/\/femepa.org\/web\/wp-json\/wp\/v2\/posts"}],"about":[{"href":"https:\/\/femepa.org\/web\/wp-json\/wp\/v2\/types\/post"}],"author":[{"embeddable":true,"href":"https:\/\/femepa.org\/web\/wp-json\/wp\/v2\/users\/4"}],"replies":[{"embeddable":true,"href":"https:\/\/femepa.org\/web\/wp-json\/wp\/v2\/comments?post=26695"}],"version-history":[{"count":0,"href":"https:\/\/femepa.org\/web\/wp-json\/wp\/v2\/posts\/26695\/revisions"}],"wp:featuredmedia":[{"embeddable":true,"href":"https:\/\/femepa.org\/web\/wp-json\/wp\/v2\/media\/26697"}],"wp:attachment":[{"href":"https:\/\/femepa.org\/web\/wp-json\/wp\/v2\/media?parent=26695"}],"wp:term":[{"taxonomy":"category","embeddable":true,"href":"https:\/\/femepa.org\/web\/wp-json\/wp\/v2\/categories?post=26695"},{"taxonomy":"post_tag","embeddable":true,"href":"https:\/\/femepa.org\/web\/wp-json\/wp\/v2\/tags?post=26695"}],"curies":[{"name":"wp","href":"https:\/\/api.w.org\/{rel}","templated":true}]}}