{"id":26700,"date":"2020-05-22T09:35:44","date_gmt":"2020-05-22T09:35:44","guid":{"rendered":"https:\/\/femepa.org\/web\/?p=26700"},"modified":"2020-05-22T09:35:44","modified_gmt":"2020-05-22T09:35:44","slug":"convenio-entre-cabildo-de-gran-canaria-y-camara-de-comercio-de-gran-canaria-para-ayudar-a-las-pymes-y-autonomos-s-de-la-isla","status":"publish","type":"post","link":"https:\/\/femepa.org\/web\/convenio-entre-cabildo-de-gran-canaria-y-camara-de-comercio-de-gran-canaria-para-ayudar-a-las-pymes-y-autonomos-s-de-la-isla\/","title":{"rendered":"Convenio entre Cabildo de Gran Canaria y C\u00e1mara de Comercio de Gran Canaria para ayudar a las pymes y aut\u00f3nomos\/s de la isla"},"content":{"rendered":"<p>&nbsp;<\/p>\n<p>Recopilaci\u00f3n de art\u00edculos en prensa sobre el convenio entre el Cabildo de Gran Canaria y la C\u00e1mara de Comercio de Gran Canaria para otorgar ayudas a pymes (empresas con menos de 10 trabajadores\/as) y aut\u00f3nomos\/as:<\/p>\n<ul>\n<li><a href=\"http:\/\/kubo.femepa.org\/wp-content\/uploads\/2020\/05\/Canarias7.pdf\" target=\"_blank\" rel=\"noopener noreferrer\">Los aut\u00f3nomos y las pymes de la isla recibir\u00e1n mil euros del Cabildo (Canarias 7)<\/a><\/li>\n<li><a href=\"http:\/\/kubo.femepa.org\/wp-content\/uploads\/2020\/05\/La-Provincia.pdf\" target=\"_blank\" rel=\"noopener noreferrer\">El Cabildo destina 12 millones a ayudas directas a pymes y aut\u00f3nomos de la Isla (La Provincia)<\/a><\/li>\n<li><a href=\"http:\/\/www.grancanariacomercio.com\/noticia-TlRFNE9BPT0=\" target=\"_blank\" rel=\"noopener noreferrer\">El Cabildo destina 12 millones a ayudas directas a pymes y aut\u00f3nomos de Gran Canaria (grancanariacomercio.com)<\/a><\/li>\n<li><a href=\"https:\/\/maspalomasahora.com\/art\/51424\/gran-canaria-destina-12-millones-a-ayudas-directas-a-pymes-y-autonomos\" target=\"_blank\" rel=\"noopener noreferrer\">Gran Canaria destina 12 millones a ayudas directas a pymes y aut\u00f3nomos (maspalomasahora.com)<\/a><\/li>\n<li><a href=\"https:\/\/canariasnoticias.es\/2020\/05\/20\/el-cabildo-destina-12-millones-a-ayudas-directas-a-pymes-y-autonomos-de-gran-canaria\" target=\"_blank\" rel=\"noopener noreferrer\">El Cabildo destina 12 millones a ayudas directas a pymes y aut\u00f3nomos de Gran Canaria (canariasnoticias.es)<\/a><\/li>\n<\/ul>\n","protected":false},"excerpt":{"rendered":"<p>&nbsp; Recopilaci\u00f3n de art\u00edculos en prensa sobre el convenio entre el Cabildo de Gran Canaria y la C\u00e1mara de Comercio de Gran Canaria para otorgar ayudas a pymes (empresas con menos de 10 trabajadores\/as) y aut\u00f3nomos\/as: Los aut\u00f3nomos y las pymes de la isla recibir\u00e1n mil euros del Cabildo (Canarias 7) El Cabildo destina 12 [&hellip;]<\/p>\n","protected":false},"author":4,"featured_media":26701,"comment_status":"closed","ping_status":"closed","sticky":false,"template":"","format":"standard","meta":{"_acf_changed":false,"rs_blank_template":"","rs_page_bg_color":"","slide_template_v7":"","footnotes":""},"categories":[1],"tags":[436,185,636,1518,249],"class_list":["post-26700","post","type-post","status-publish","format-standard","has-post-thumbnail","hentry","category-sin-categoria","tag-autonomos","tag-ayudas","tag-cabildo-de-gran-canaria","tag-camara-comercio-gran-canaria","tag-pymes"],"acf":[],"_links":{"self":[{"href":"https:\/\/femepa.org\/web\/wp-json\/wp\/v2\/posts\/26700","targetHints":{"allow":["GET"]}}],"collection":[{"href":"https:\/\/femepa.org\/web\/wp-json\/wp\/v2\/posts"}],"about":[{"href":"https:\/\/femepa.org\/web\/wp-json\/wp\/v2\/types\/post"}],"author":[{"embeddable":true,"href":"https:\/\/femepa.org\/web\/wp-json\/wp\/v2\/users\/4"}],"replies":[{"embeddable":true,"href":"https:\/\/femepa.org\/web\/wp-json\/wp\/v2\/comments?post=26700"}],"version-history":[{"count":0,"href":"https:\/\/femepa.org\/web\/wp-json\/wp\/v2\/posts\/26700\/revisions"}],"wp:featuredmedia":[{"embeddable":true,"href":"https:\/\/femepa.org\/web\/wp-json\/wp\/v2\/media\/26701"}],"wp:attachment":[{"href":"https:\/\/femepa.org\/web\/wp-json\/wp\/v2\/media?parent=26700"}],"wp:term":[{"taxonomy":"category","embeddable":true,"href":"https:\/\/femepa.org\/web\/wp-json\/wp\/v2\/categories?post=26700"},{"taxonomy":"post_tag","embeddable":true,"href":"https:\/\/femepa.org\/web\/wp-json\/wp\/v2\/tags?post=26700"}],"curies":[{"name":"wp","href":"https:\/\/api.w.org\/{rel}","templated":true}]}}