{"id":26717,"date":"2020-05-23T16:31:42","date_gmt":"2020-05-23T16:31:42","guid":{"rendered":"https:\/\/femepa.org\/web\/?p=26717"},"modified":"2020-05-23T16:31:42","modified_gmt":"2020-05-23T16:31:42","slug":"circular-no-32-orden-tma-424-2020-de-20-de-mayo-de-instrucciones-sobre-la-utilizacion-de-mascarillas-en-los-distintos-medios-de-transportes-y-requisitos-para-garantizar-una-movilidad-segura-de-conf","status":"publish","type":"post","link":"https:\/\/femepa.org\/web\/circular-no-32-orden-tma-424-2020-de-20-de-mayo-de-instrucciones-sobre-la-utilizacion-de-mascarillas-en-los-distintos-medios-de-transportes-y-requisitos-para-garantizar-una-movilidad-segura-de-conf\/","title":{"rendered":"CIRCULAR N\u00ba 32.- Orden TMA\/424\/2020 de 20 de mayo, de instrucciones sobre la utilizaci\u00f3n de mascarillas en los distintos medios de transportes y requisitos para garantizar una movilidad segura de conformidad con el plan para la transici\u00f3n hacia una nueva normalidad"},"content":{"rendered":"<p style=\"text-align: right;\">En Las Palmas de Gran Canaria, a 22 de mayo de 2020<\/p>\n<p>&nbsp;<\/p>\n<p>Estimado\/a asociado\/a:<\/p>\n<p>Por medio del presente, le comunico que, en el Bolet\u00edn Oficial del Estado n\u00fam. 143, de 21 de mayo de 2020,( <a href=\"https:\/\/boe.es\/boe\/dias\/2020\/05\/21\/pdfs\/BOE-S-2020-143.pdf\">https:\/\/boe.es\/boe\/dias\/2020\/05\/21\/pdfs\/BOE-S-2020-143.pdf<\/a>) se ha publicado la Orden TMA\/424\/2020, de 20 de mayo, por la que se modifican la Orden TMA\/ 384\/2020, de 3 de mayo, por la que se dictan instrucciones sobre la utilizaci\u00f3n de mascarillas en los distintos medios de transporte y se fijan requisitos para garantizar una movilidad segura de conformidad con el plan para la transici\u00f3n hacia una nueva normalidad.<\/p>\n<p>Dictada la Orden SND\/422\/2020, de 19 de mayo, por la que se regulan las condiciones para el uso obligatorio de mascarilla durante la situaci\u00f3n de crisis sanitaria ocasionada por el COVID-19, se hizo necesario ajustar los supuestos de sujetos obligados al uso de mascarilla en los distintos medios de transporte.<\/p>\n<p>As\u00ed, en la nueva Orden del Ministerio de Transporte, Movilidad y Agenda Urbana, se establece que el uso de mascarillas que cubran nariz y boca ser\u00e1 obligatorio para todos los usuarios del transporte en autob\u00fas, ferrocarril, a\u00e9reo y mar\u00edtimo.<\/p>\n<p>En el caso de los buques y embarcaciones, no ser\u00e1 necesario el uso de mascarillas, cuando se encuentren en su camarote.<\/p>\n<p>Los trabajadores de los servicios de transporte que tengan contacto directo con los viajeros deber\u00e1n ir provistos de mascarillas y tener acceso a soluciones hidroalcoh\u00f3licas para practicar una higiene de manos frecuente.<\/p>\n<p>En el caso de motocicletas, ciclomotores y veh\u00edculos de categor\u00eda L en general, cuando viajen dos ocupantes, deber\u00e1n llevar mascarilla o casco integral cuando no convivan en el mismo domicilio.<\/p>\n<p>En los transportes p\u00fablicos, privados complementarios y privados particulares de viajeros, en veh\u00edculos de hasta 9 plazas, incluido el conductor, los ocupantes llevar\u00e1n mascarilla cuando no todos convivan en el mismo domicilio.<\/p>\n<p>En los veh\u00edculos de una sola fila de asientos (cabinas de veh\u00edculos pesados, furgonetas u otros), en los que viaje m\u00e1s de un ocupante, deber\u00e1 utilizarse igualmente mascarilla, cuando no convivan en el mismo domicilio.<\/p>\n<p>Esta orden ser\u00e1 de aplicaci\u00f3n desde las 00:00 horas del d\u00eda 21 de mayo de 2020 hasta la finalizaci\u00f3n del estado de alarma.<\/p>\n<p>&nbsp;<\/p>\n<p>Esperando que sea de su inter\u00e9s, reciba un cordial saludo<\/p>\n<p style=\"text-align: right;\"><strong>Juan Carlos Betancor Garc\u00eda<\/strong><br \/>\n<em>Secretario General de FEMEPA<\/em><\/p>\n<h3 style=\"text-align: center;\">Descargar esta circular en .pdf <a href=\"http:\/\/kubo.femepa.org\/wp-content\/uploads\/2020\/05\/Circular-no32.pdf\" target=\"_blank\" rel=\"noopener noreferrer\">AQU\u00cd<\/a><\/h3>\n","protected":false},"excerpt":{"rendered":"<p>En Las Palmas de Gran Canaria, a 22 de mayo de 2020 &nbsp; Estimado\/a asociado\/a: Por medio del presente, le comunico que, en el Bolet\u00edn Oficial del Estado n\u00fam. 143, de 21 de mayo de 2020,( https:\/\/boe.es\/boe\/dias\/2020\/05\/21\/pdfs\/BOE-S-2020-143.pdf) se ha publicado la Orden TMA\/424\/2020, de 20 de mayo, por la que se modifican la Orden TMA\/ [&hellip;]<\/p>\n","protected":false},"author":4,"featured_media":26718,"comment_status":"closed","ping_status":"closed","sticky":false,"template":"","format":"standard","meta":{"_acf_changed":false,"rs_blank_template":"","rs_page_bg_color":"","slide_template_v7":"","footnotes":""},"categories":[1],"tags":[1521,1522,69,1523],"class_list":["post-26717","post","type-post","status-publish","format-standard","has-post-thumbnail","hentry","category-sin-categoria","tag-mascarilla","tag-medios-de-transporte","tag-movilidad","tag-nueva-normalidad"],"acf":[],"_links":{"self":[{"href":"https:\/\/femepa.org\/web\/wp-json\/wp\/v2\/posts\/26717","targetHints":{"allow":["GET"]}}],"collection":[{"href":"https:\/\/femepa.org\/web\/wp-json\/wp\/v2\/posts"}],"about":[{"href":"https:\/\/femepa.org\/web\/wp-json\/wp\/v2\/types\/post"}],"author":[{"embeddable":true,"href":"https:\/\/femepa.org\/web\/wp-json\/wp\/v2\/users\/4"}],"replies":[{"embeddable":true,"href":"https:\/\/femepa.org\/web\/wp-json\/wp\/v2\/comments?post=26717"}],"version-history":[{"count":0,"href":"https:\/\/femepa.org\/web\/wp-json\/wp\/v2\/posts\/26717\/revisions"}],"wp:featuredmedia":[{"embeddable":true,"href":"https:\/\/femepa.org\/web\/wp-json\/wp\/v2\/media\/26718"}],"wp:attachment":[{"href":"https:\/\/femepa.org\/web\/wp-json\/wp\/v2\/media?parent=26717"}],"wp:term":[{"taxonomy":"category","embeddable":true,"href":"https:\/\/femepa.org\/web\/wp-json\/wp\/v2\/categories?post=26717"},{"taxonomy":"post_tag","embeddable":true,"href":"https:\/\/femepa.org\/web\/wp-json\/wp\/v2\/tags?post=26717"}],"curies":[{"name":"wp","href":"https:\/\/api.w.org\/{rel}","templated":true}]}}