{"id":26725,"date":"2020-05-25T00:15:48","date_gmt":"2020-05-25T00:15:48","guid":{"rendered":"https:\/\/femepa.org\/web\/?p=26725"},"modified":"2020-05-25T00:15:48","modified_gmt":"2020-05-25T00:15:48","slug":"circular-no-33-cuarto-tramo-de-la-linea-de-avales-a-pymes-y-autonomos-afectados-por-las-consecuencias-economicas-del-covid-19","status":"publish","type":"post","link":"https:\/\/femepa.org\/web\/circular-no-33-cuarto-tramo-de-la-linea-de-avales-a-pymes-y-autonomos-afectados-por-las-consecuencias-economicas-del-covid-19\/","title":{"rendered":"CIRCULAR N\u00ba 33.- Cuarto tramo de la l\u00ednea de avales a pymes y aut\u00f3nomos afectados por las consecuencias econ\u00f3micas del COVID-19"},"content":{"rendered":"<p style=\"text-align: right;\">En Las Palmas de Gran Canaria a 21 de mayo de 2020<\/p>\n<p>Estimados\/as Asociados\/as:<\/p>\n<p>Se ha publicado la Resoluci\u00f3n de 19 de mayo de 2020, de la <em>Secretar\u00eda de Estado de Econom\u00eda y Apoyo a la Empresa<\/em>, por la que se publica el Acuerdo del Consejo de Ministros de 19 de mayo de 2020, que\u00a0<strong>se instruye al Instituto de Cr\u00e9dito Oficial a poner en marcha el cuarto tramo de la l\u00ednea de avales<\/strong>\u00a0aprobada por el Real Decreto-ley 8\/2020, de 17 de marzo, y se establece que sus beneficiarios sean las peque\u00f1as y medianas empresas y aut\u00f3nomos afectados por las consecuencias econ\u00f3micas del COVID-19, publicada en el BOE n\u00fam. 142, de esta misma fecha. M\u00e1s informaci\u00f3n:\u00a0<u>https:\/\/www.boe.es\/eli\/es\/res\/2020\/05\/19\/(1)<\/u><\/p>\n<p>El\u00a0<strong>nuevo tramo, de 20.000 millones de euros<\/strong>, se destinar\u00e1 de forma \u00edntegra a garantizar operaciones de PYMES y aut\u00f3nomos.<\/p>\n<p>Caracter\u00edsticas de la L\u00ednea de Avales:<\/p>\n<ul>\n<li>Podr\u00e1n solicitar los avales de este cuarto tramo las PYMES y aut\u00f3nomos afectados por los efectos econ\u00f3micos del COVID-19, siempre que los solicitantes no estuvieran en situaci\u00f3n de morosidad a 31\/12\/2019 ni en procedimiento concursal a 17\/03\/2020.<\/li>\n<li>El aval garantiza el 80% de los nuevos pr\u00e9stamos y renovaciones de operaciones solicitadas por aut\u00f3nomos y PYMES y tiene una vigencia igual al plazo del pr\u00e9stamo concedido, con un m\u00e1ximo de cinco a\u00f1os.<\/li>\n<li>Las PYMES y aut\u00f3nomos interesados\u00a0podr\u00e1n solicitar la garant\u00eda para sus operaciones hasta 30\/09\/2020. El plazo podr\u00e1 ampliarse, siempre en l\u00ednea con la normativa de Ayudas de Estado de la Uni\u00f3n Europea, por Acuerdo de Consejo de Ministros.<\/li>\n<\/ul>\n<p style=\"text-align: right;\"><strong>Juan Carlos Betancor Garc\u00eda<\/strong><br \/>\n<em>Secretario General de FEMEPA<\/em><\/p>\n<h3 style=\"text-align: center;\">Descargar esta circular en .pdf <a href=\"http:\/\/kubo.femepa.org\/wp-content\/uploads\/2020\/05\/CIRCULAR-No-33.pdf\" target=\"_blank\" rel=\"noopener noreferrer\">AQU\u00cd<\/a><\/h3>\n","protected":false},"excerpt":{"rendered":"<p>En Las Palmas de Gran Canaria a 21 de mayo de 2020 Estimados\/as Asociados\/as: Se ha publicado la Resoluci\u00f3n de 19 de mayo de 2020, de la Secretar\u00eda de Estado de Econom\u00eda y Apoyo a la Empresa, por la que se publica el Acuerdo del Consejo de Ministros de 19 de mayo de 2020, que\u00a0se [&hellip;]<\/p>\n","protected":false},"author":4,"featured_media":26726,"comment_status":"closed","ping_status":"closed","sticky":false,"template":"","format":"standard","meta":{"_acf_changed":false,"rs_blank_template":"","rs_page_bg_color":"","slide_template_v7":"","footnotes":""},"categories":[1],"tags":[1369,1354,1355,1524,1525,249,1526],"class_list":["post-26725","post","type-post","status-publish","format-standard","has-post-thumbnail","hentry","category-sin-categoria","tag-autonomos-as","tag-coronavirus","tag-covid-19","tag-instituto-de-credito-oficial","tag-linea-de-avales","tag-pymes","tag-secretaria-de-estado-de-economia-y-apoyo-a-la-empresa"],"acf":[],"_links":{"self":[{"href":"https:\/\/femepa.org\/web\/wp-json\/wp\/v2\/posts\/26725","targetHints":{"allow":["GET"]}}],"collection":[{"href":"https:\/\/femepa.org\/web\/wp-json\/wp\/v2\/posts"}],"about":[{"href":"https:\/\/femepa.org\/web\/wp-json\/wp\/v2\/types\/post"}],"author":[{"embeddable":true,"href":"https:\/\/femepa.org\/web\/wp-json\/wp\/v2\/users\/4"}],"replies":[{"embeddable":true,"href":"https:\/\/femepa.org\/web\/wp-json\/wp\/v2\/comments?post=26725"}],"version-history":[{"count":0,"href":"https:\/\/femepa.org\/web\/wp-json\/wp\/v2\/posts\/26725\/revisions"}],"wp:featuredmedia":[{"embeddable":true,"href":"https:\/\/femepa.org\/web\/wp-json\/wp\/v2\/media\/26726"}],"wp:attachment":[{"href":"https:\/\/femepa.org\/web\/wp-json\/wp\/v2\/media?parent=26725"}],"wp:term":[{"taxonomy":"category","embeddable":true,"href":"https:\/\/femepa.org\/web\/wp-json\/wp\/v2\/categories?post=26725"},{"taxonomy":"post_tag","embeddable":true,"href":"https:\/\/femepa.org\/web\/wp-json\/wp\/v2\/tags?post=26725"}],"curies":[{"name":"wp","href":"https:\/\/api.w.org\/{rel}","templated":true}]}}