{"id":26740,"date":"2020-05-27T19:07:09","date_gmt":"2020-05-27T19:07:09","guid":{"rendered":"https:\/\/femepa.org\/web\/?p=26740"},"modified":"2020-05-27T19:07:09","modified_gmt":"2020-05-27T19:07:09","slug":"circular-concesion-de-subvenciones-del-programa-de-incentivos-al-empleo-joven-incentivate","status":"publish","type":"post","link":"https:\/\/femepa.org\/web\/circular-concesion-de-subvenciones-del-programa-de-incentivos-al-empleo-joven-incentivate\/","title":{"rendered":"Concesi\u00f3n de subvenciones del \u201cPrograma de Incentivos al Empleo Joven-Incent\u00edvate\u201d"},"content":{"rendered":"<p style=\"text-align: right;\">En Las Palmas de Gran Canaria, a 27 de mayo de 2020<\/p>\n<p>Estimados\/as Asociados\/as:<\/p>\n<p>En el Bolet\u00edn Oficial de la Comunidad Aut\u00f3noma de Canarias n\u00fam. 103, de 27 de mayo de 2020, se ha publicado el Extracto de la Resoluci\u00f3n de 15 de mayo de 2020, de la Presidencia del Servicio Canario de Empleo, por la que se aprueba la <strong>convocatoria abierta para la concesi\u00f3n de subvenciones<\/strong> con cargo al programa de <strong>incentivos a la contrataci\u00f3n laboral de personas j\u00f3venes desempleadas<\/strong>, incluidas en el Sistema Nacional de Garant\u00eda Juvenil, denominado <strong>\u201cPrograma de Incentivos al Empleo Joven-Incent\u00edvate\u201d<\/strong>, correspondiente al ejercicio 2020-2021, en el \u00e1mbito del <strong>Programa Operativo de Empleo Juvenil 2014-2020 <\/strong>del <strong>Fondo Social Europeo.<\/strong><\/p>\n<p>Pueden consultar las caracter\u00edsticas de esta convocatoria <a href=\"http:\/\/www.gobiernodecanarias.org\/boc\/2020\/103\/014.html\">AQU\u00cd<\/a>.<\/p>\n<p>Sin otro particular, reciban un cordial saludo,<\/p>\n<p>&nbsp;<\/p>\n<p style=\"text-align: right;\"><strong>Juan Carlos Betancor Garc\u00eda<br \/>\n<\/strong><em>Secretario General de FEMEPA <\/em><\/p>\n","protected":false},"excerpt":{"rendered":"<p>En Las Palmas de Gran Canaria, a 27 de mayo de 2020 Estimados\/as Asociados\/as: En el Bolet\u00edn Oficial de la Comunidad Aut\u00f3noma de Canarias n\u00fam. 103, de 27 de mayo de 2020, se ha publicado el Extracto de la Resoluci\u00f3n de 15 de mayo de 2020, de la Presidencia del Servicio Canario de Empleo, por [&hellip;]<\/p>\n","protected":false},"author":4,"featured_media":26741,"comment_status":"closed","ping_status":"closed","sticky":false,"template":"","format":"standard","meta":{"_acf_changed":false,"rs_blank_template":"","rs_page_bg_color":"","slide_template_v7":"","footnotes":""},"categories":[1],"tags":[1272,1527,1528,366],"class_list":["post-26740","post","type-post","status-publish","format-standard","has-post-thumbnail","hentry","category-sin-categoria","tag-fondo-social-europeo","tag-programa-de-incentivos-al-empleo-joven-incentivate","tag-programa-operativo-de-empleo-juvenil-2014-2020","tag-subvenciones"],"acf":[],"_links":{"self":[{"href":"https:\/\/femepa.org\/web\/wp-json\/wp\/v2\/posts\/26740","targetHints":{"allow":["GET"]}}],"collection":[{"href":"https:\/\/femepa.org\/web\/wp-json\/wp\/v2\/posts"}],"about":[{"href":"https:\/\/femepa.org\/web\/wp-json\/wp\/v2\/types\/post"}],"author":[{"embeddable":true,"href":"https:\/\/femepa.org\/web\/wp-json\/wp\/v2\/users\/4"}],"replies":[{"embeddable":true,"href":"https:\/\/femepa.org\/web\/wp-json\/wp\/v2\/comments?post=26740"}],"version-history":[{"count":0,"href":"https:\/\/femepa.org\/web\/wp-json\/wp\/v2\/posts\/26740\/revisions"}],"wp:featuredmedia":[{"embeddable":true,"href":"https:\/\/femepa.org\/web\/wp-json\/wp\/v2\/media\/26741"}],"wp:attachment":[{"href":"https:\/\/femepa.org\/web\/wp-json\/wp\/v2\/media?parent=26740"}],"wp:term":[{"taxonomy":"category","embeddable":true,"href":"https:\/\/femepa.org\/web\/wp-json\/wp\/v2\/categories?post=26740"},{"taxonomy":"post_tag","embeddable":true,"href":"https:\/\/femepa.org\/web\/wp-json\/wp\/v2\/tags?post=26740"}],"curies":[{"name":"wp","href":"https:\/\/api.w.org\/{rel}","templated":true}]}}