{"id":26976,"date":"2020-06-03T22:46:41","date_gmt":"2020-06-03T22:46:41","guid":{"rendered":"https:\/\/femepa.org\/web\/?p=26976"},"modified":"2020-06-03T22:46:41","modified_gmt":"2020-06-03T22:46:41","slug":"la-base-naval-de-las-palmas-seguira-colaborando-con-los-pfaes-de-femepa","status":"publish","type":"post","link":"https:\/\/femepa.org\/web\/la-base-naval-de-las-palmas-seguira-colaborando-con-los-pfaes-de-femepa\/","title":{"rendered":"La base naval de Las Palmas seguir\u00e1 colaborando con los PFAEs de Femepa"},"content":{"rendered":"<p>&nbsp;<\/p>\n<p>El arsenal de Las Palmas ha sido el lugar escogido para celebrar -este mi\u00e9rcoles- una reuni\u00f3n entre los representantes de Femepa y el nuevo almirante y comandante del Mando Naval de Canarias, <strong>Jos\u00e9 Lago Ochoa, <\/strong>que se estren\u00f3 en el cargo antes de que Espa\u00f1a decretara el estado de alarma.<\/p>\n<p>Por este motivo, el secretario general y el director de Formaci\u00f3n y Empleo de Femepa, <strong>Juan Carlos Betancor<\/strong> y<strong> V\u00edctor Rubio<\/strong>, respectivamente, han querido conocer personalmente al nuevo almirante, con el que han llegado a un acuerdo de continuidad del convenio que estaba en proceso de firma, en relaci\u00f3n a las tres especialidades de PFAEs (Programas de Formaci\u00f3n en Alternancia con el Empleo): telecomunicaciones, climatizaci\u00f3n y refrigeraci\u00f3n industrial, que pr\u00f3ximamente arrancar\u00e1n.<\/p>\n","protected":false},"excerpt":{"rendered":"<p>&nbsp; El arsenal de Las Palmas ha sido el lugar escogido para celebrar -este mi\u00e9rcoles- una reuni\u00f3n entre los representantes de Femepa y el nuevo almirante y comandante del Mando Naval de Canarias, Jos\u00e9 Lago Ochoa, que se estren\u00f3 en el cargo antes de que Espa\u00f1a decretara el estado de alarma. Por este motivo, el [&hellip;]<\/p>\n","protected":false},"author":4,"featured_media":26977,"comment_status":"closed","ping_status":"closed","sticky":false,"template":"","format":"standard","meta":{"_acf_changed":false,"rs_blank_template":"","rs_page_bg_color":"","slide_template_v7":"","footnotes":""},"categories":[1],"tags":[1544,1545,743,66,773],"class_list":["post-26976","post","type-post","status-publish","format-standard","has-post-thumbnail","hentry","category-sin-categoria","tag-base-naval","tag-jose-lago-ochoa","tag-juan-carlos-betancor","tag-las-palmas","tag-victor-rubio"],"acf":[],"_links":{"self":[{"href":"https:\/\/femepa.org\/web\/wp-json\/wp\/v2\/posts\/26976","targetHints":{"allow":["GET"]}}],"collection":[{"href":"https:\/\/femepa.org\/web\/wp-json\/wp\/v2\/posts"}],"about":[{"href":"https:\/\/femepa.org\/web\/wp-json\/wp\/v2\/types\/post"}],"author":[{"embeddable":true,"href":"https:\/\/femepa.org\/web\/wp-json\/wp\/v2\/users\/4"}],"replies":[{"embeddable":true,"href":"https:\/\/femepa.org\/web\/wp-json\/wp\/v2\/comments?post=26976"}],"version-history":[{"count":0,"href":"https:\/\/femepa.org\/web\/wp-json\/wp\/v2\/posts\/26976\/revisions"}],"wp:featuredmedia":[{"embeddable":true,"href":"https:\/\/femepa.org\/web\/wp-json\/wp\/v2\/media\/26977"}],"wp:attachment":[{"href":"https:\/\/femepa.org\/web\/wp-json\/wp\/v2\/media?parent=26976"}],"wp:term":[{"taxonomy":"category","embeddable":true,"href":"https:\/\/femepa.org\/web\/wp-json\/wp\/v2\/categories?post=26976"},{"taxonomy":"post_tag","embeddable":true,"href":"https:\/\/femepa.org\/web\/wp-json\/wp\/v2\/tags?post=26976"}],"curies":[{"name":"wp","href":"https:\/\/api.w.org\/{rel}","templated":true}]}}