{"id":27062,"date":"2020-06-05T14:52:46","date_gmt":"2020-06-05T14:52:46","guid":{"rendered":"https:\/\/femepa.org\/web\/?p=27062"},"modified":"2020-06-05T14:52:46","modified_gmt":"2020-06-05T14:52:46","slug":"abierta-la-inscripcion-a-la-jornada-virtual-liberar-el-potencial-de-la-economia-azul-para-alcanzar-los-objetivos-de-desarrollo-sostenible-de-la-agenda-2030-de-la-onu-del-8-de-junio","status":"publish","type":"post","link":"https:\/\/femepa.org\/web\/abierta-la-inscripcion-a-la-jornada-virtual-liberar-el-potencial-de-la-economia-azul-para-alcanzar-los-objetivos-de-desarrollo-sostenible-de-la-agenda-2030-de-la-onu-del-8-de-junio\/","title":{"rendered":"Abierta la inscripci\u00f3n a la jornada virtual: \u201cLiberar el potencial de la Econom\u00eda Azul para alcanzar los Objetivos de Desarrollo Sostenible de la Agenda 2030 de la ONU\u201d, del 8 de junio"},"content":{"rendered":"<p>&nbsp;<\/p>\n<p>El pr\u00f3ximo lunes 8 de junio, a partir de las 9:30 horas, se celebrar\u00e1 la segunda jornada virtual del D\u00eda de los Oc\u00e9anos, titulada: \u201cLiberar el potencial de la Econom\u00eda Azul para alcanzar los Objetivos de Desarrollo Sostenible de la Agenda 2030 de la ONU\u201d.<\/p>\n<p>Este ciclo, organizado dentro del proyecto SMARTBLUEF, del programa INTERREG MAC 2014-2020, y coordinado por sus socios canarios: PROEXCA, PLOCAN, CETECIMA y CL\u00daSTER MAR\u00cdTIMO DE CANARIAS, tiene como objetivo destacar el potencial de este sector como vector clave en el crecimiento, ya que genera empleo de forma estable y continua en Canarias.<\/p>\n<p>El acto de inauguraci\u00f3n de esta segunda jornada, tambi\u00e9n moderada por el presidente del Centro Tecnol\u00f3gico de Ciencias Marinas (CETECIMA), <strong>Jos\u00e9 Luis Guersi<\/strong>, correr\u00e1 a cargo del presidente del Cl\u00faster Mar\u00edtimo de Canarias, <strong>Vicente Marrero<\/strong>; el director general de Investigaci\u00f3n y Coordinaci\u00f3n del Desarrollo Sostenible del Gobierno de Canarias, <strong>David Padr\u00f3n Marrero<\/strong>; y la viceconsejera de Econom\u00eda e Internacionalizaci\u00f3n del Gobierno de Canarias, <strong>Almudena Est\u00e9vez<\/strong>.<\/p>\n<p>A continuaci\u00f3n (9:45 horas), tomar\u00e1 la palabra la responsable de proyecto de la Asociaci\u00f3n Empresarial de Acuicultura de Espa\u00f1a (APROMAR), <strong>Garazi Rodr\u00edguez<\/strong>, con la ponencia: \u201cProducci\u00f3n de alimentos en el medio marino y seguridad alimentaria\u201d, a la que le seguir\u00e1 (9:55 horas): \u201cLas energ\u00edas renovables en el medio marino. Contribuci\u00f3n a los ODS\u201d, que presentar\u00e1n el t\u00e9cnico de proyectos del Departamento de Energ\u00edas Renovables en el ITC, <strong>Santiago D\u00edaz Ruano<\/strong>, y la especialista en Energ\u00edas Renovables en el ITC, <strong>Elena S\u00e1nchez Rivero<\/strong>.<\/p>\n<p>Seguidamente (10:05 horas), la gerente del Cl\u00faster Mar\u00edtimo de Canarias y el presidente de la Autoridad Portuaria de Santa Cruz de Tenerife, <strong>Elba Bueno<\/strong> y <strong>Carlos Gonz\u00e1lez<\/strong>, respectivamente, se encargar\u00e1n de exponer: \u201cLa contribuci\u00f3n del sector mar\u00edtimo a los ODS. Necesidades para liberar el potencial de la Econom\u00eda Azul en Canarias\u201d.<\/p>\n<p>Tras la misma, la docente e investigadora de la ULPGC, <strong>Lidia Robaina<\/strong>, se centrar\u00e1 (10:15 horas) en la \u201cEconom\u00eda circular, oc\u00e9anos saludables y productivos\u201d, as\u00ed como el CEO de PLOCAN, <strong>Jos\u00e9 Joaqu\u00edn Hern\u00e1ndez Brito<\/strong>, hablar\u00e1 de (10:25 horas): \u201cEl conocimiento que necesitamos para el oc\u00e9ano que queremos\u201d, y el cient\u00edfico del Instituto Espa\u00f1ol de Oceanograf\u00eda (IEO), <strong>Jes\u00fas Arrieta<\/strong>, lo har\u00e1 sobre (10:35 horas): \u201cRecursos gen\u00e9ticos marinos\u201d.<\/p>\n<p>Antes de cerrar la jornada, que durar\u00e1 aproximadamente dos horas, se celebrar\u00e1 un coloquio (10:45 horas) y se repasar\u00e1n las conclusiones de la cita (11:15 horas).<\/p>\n<p>Este encuentro virtual est\u00e1 abierto al p\u00fablico en general, por lo que las personas interesadas en participar deber\u00e1n formalizar la inscripci\u00f3n en el siguiente enlace:\u00a0 <a href=\"https:\/\/lnkd.in\/dg_ZCCH\"><strong>https:\/\/lnkd.in\/dg_ZCCH<\/strong><\/a><\/p>\n<p>Por \u00faltimo, recordar que este ciclo de jornadas virtuales concluir\u00e1 el pr\u00f3ximo 16 de junio, con la celebraci\u00f3n de la tercera de ellas: \u201cOportunidades de negocio de las Energ\u00edas Renovables en el medio marino en el \u00e1mbito internacional\u201d.<\/p>\n","protected":false},"excerpt":{"rendered":"<p>&nbsp; El pr\u00f3ximo lunes 8 de junio, a partir de las 9:30 horas, se celebrar\u00e1 la segunda jornada virtual del D\u00eda de los Oc\u00e9anos, titulada: \u201cLiberar el potencial de la Econom\u00eda Azul para alcanzar los Objetivos de Desarrollo Sostenible de la Agenda 2030 de la ONU\u201d. Este ciclo, organizado dentro del proyecto SMARTBLUEF, del programa [&hellip;]<\/p>\n","protected":false},"author":4,"featured_media":27063,"comment_status":"closed","ping_status":"closed","sticky":false,"template":"","format":"standard","meta":{"_acf_changed":false,"rs_blank_template":"","rs_page_bg_color":"","slide_template_v7":"","footnotes":""},"categories":[1],"tags":[1551,1532,825,1552,598,1553,1554,149,1535,567,137],"class_list":["post-27062","post","type-post","status-publish","format-standard","has-post-thumbnail","hentry","category-sin-categoria","tag-agenda-2030","tag-cetecima","tag-cluster-maritimo-de-canarias","tag-dia-de-los-oceanos","tag-economia-azul","tag-elba-bueno","tag-ods","tag-onu","tag-plocan","tag-proexca","tag-vicente-marrero"],"acf":[],"_links":{"self":[{"href":"https:\/\/femepa.org\/web\/wp-json\/wp\/v2\/posts\/27062","targetHints":{"allow":["GET"]}}],"collection":[{"href":"https:\/\/femepa.org\/web\/wp-json\/wp\/v2\/posts"}],"about":[{"href":"https:\/\/femepa.org\/web\/wp-json\/wp\/v2\/types\/post"}],"author":[{"embeddable":true,"href":"https:\/\/femepa.org\/web\/wp-json\/wp\/v2\/users\/4"}],"replies":[{"embeddable":true,"href":"https:\/\/femepa.org\/web\/wp-json\/wp\/v2\/comments?post=27062"}],"version-history":[{"count":0,"href":"https:\/\/femepa.org\/web\/wp-json\/wp\/v2\/posts\/27062\/revisions"}],"wp:featuredmedia":[{"embeddable":true,"href":"https:\/\/femepa.org\/web\/wp-json\/wp\/v2\/media\/27063"}],"wp:attachment":[{"href":"https:\/\/femepa.org\/web\/wp-json\/wp\/v2\/media?parent=27062"}],"wp:term":[{"taxonomy":"category","embeddable":true,"href":"https:\/\/femepa.org\/web\/wp-json\/wp\/v2\/categories?post=27062"},{"taxonomy":"post_tag","embeddable":true,"href":"https:\/\/femepa.org\/web\/wp-json\/wp\/v2\/tags?post=27062"}],"curies":[{"name":"wp","href":"https:\/\/api.w.org\/{rel}","templated":true}]}}