{"id":27160,"date":"2020-06-15T20:00:48","date_gmt":"2020-06-15T20:00:48","guid":{"rendered":"https:\/\/femepa.org\/web\/?p=27160"},"modified":"2020-06-15T20:00:48","modified_gmt":"2020-06-15T20:00:48","slug":"circular-no36-modificacion-de-ordenes-para-la-flexibilizacion-de-determinadas-restricciones","status":"publish","type":"post","link":"https:\/\/femepa.org\/web\/circular-no36-modificacion-de-ordenes-para-la-flexibilizacion-de-determinadas-restricciones\/","title":{"rendered":"CIRCULAR N\u00ba36.- Modificaci\u00f3n de \u00f3rdenes para la flexibilizaci\u00f3n de determinadas restricciones"},"content":{"rendered":"<p style=\"text-align: right;\">En Las Palmas de Gran Canaria, a 15 de junio 2020<\/p>\n<p>Estimados asociados y asociadas:<\/p>\n<div class=\"page\" title=\"Page 1\">\n<div class=\"layoutArea\">\n<div class=\"column\">\n<p>Por medio del presente, comunicamos que, en el BOE nu\u0301m. 166, de 13 de junio de 2020, se ha publicado la <a href=\"https:\/\/www.boe.es\/boe\/dias\/2020\/06\/13\/pdfs\/BOE-A-2020-6088.pdf\" target=\"_blank\" rel=\"noopener noreferrer\">Orden SND\/520\/2020, de 12 de junio<\/a>, por la que se modifican diversas o\u0301rdenes para la flexibilizacio\u0301n de determinadas restricciones de a\u0301mbito nacional establecidas tras la declaracio\u0301n del estado de alarma y se establecen las unidades territoriales que progresan a la fase 3 del Plan para la transicio\u0301n hacia una nueva normalidad.<\/p>\n<p>La resen\u0303ada Orden ministerial, adema\u0301s de establecer medidas de transporte a aplicar a las conexiones entre la Peni\u0301nsula y la ciudad de Ceuta, mantiene la restriccio\u0301n de entrada en puertos espan\u0303oles de los buques de pasaje tipo crucero procedentes de cualquier puerto.<\/p>\n<p>Esperando que esta informacio\u0301n pueda ser de su intere\u0301s, reciba un cordial saludo.<\/p>\n<\/div>\n<\/div>\n<\/div>\n<p style=\"text-align: right;\">Juan Carlos Betancor Garc\u00eda<br \/>\nSecretario General de FEMEPA<\/p>\n<p style=\"text-align: center;\">Descargar esta circular en .pdf <a href=\"http:\/\/kubo.femepa.org\/wp-content\/uploads\/2020\/06\/CIRCULAR-No-36.pdf\" target=\"_blank\" rel=\"noopener noreferrer\">AQU\u00cd<\/a><\/p>\n<p><strong>\u00a0<\/strong><\/p>\n","protected":false},"excerpt":{"rendered":"<p>En Las Palmas de Gran Canaria, a 15 de junio 2020 Estimados asociados y asociadas: Por medio del presente, comunicamos que, en el BOE nu\u0301m. 166, de 13 de junio de 2020, se ha publicado la Orden SND\/520\/2020, de 12 de junio, por la que se modifican diversas o\u0301rdenes para la flexibilizacio\u0301n de determinadas restricciones [&hellip;]<\/p>\n","protected":false},"author":4,"featured_media":27161,"comment_status":"closed","ping_status":"closed","sticky":false,"template":"","format":"standard","meta":{"_acf_changed":false,"rs_blank_template":"","rs_page_bg_color":"","slide_template_v7":"","footnotes":""},"categories":[1],"tags":[1585,1468,1407,1586,1587],"class_list":["post-27160","post","type-post","status-publish","format-standard","has-post-thumbnail","hentry","category-sin-categoria","tag-de-12-de-junio","tag-desescalada","tag-estado-de-alarma","tag-orden-snd-520-2020","tag-plan-para-la-transicion-hacia-una-nueva-normalidad"],"acf":[],"_links":{"self":[{"href":"https:\/\/femepa.org\/web\/wp-json\/wp\/v2\/posts\/27160","targetHints":{"allow":["GET"]}}],"collection":[{"href":"https:\/\/femepa.org\/web\/wp-json\/wp\/v2\/posts"}],"about":[{"href":"https:\/\/femepa.org\/web\/wp-json\/wp\/v2\/types\/post"}],"author":[{"embeddable":true,"href":"https:\/\/femepa.org\/web\/wp-json\/wp\/v2\/users\/4"}],"replies":[{"embeddable":true,"href":"https:\/\/femepa.org\/web\/wp-json\/wp\/v2\/comments?post=27160"}],"version-history":[{"count":0,"href":"https:\/\/femepa.org\/web\/wp-json\/wp\/v2\/posts\/27160\/revisions"}],"wp:featuredmedia":[{"embeddable":true,"href":"https:\/\/femepa.org\/web\/wp-json\/wp\/v2\/media\/27161"}],"wp:attachment":[{"href":"https:\/\/femepa.org\/web\/wp-json\/wp\/v2\/media?parent=27160"}],"wp:term":[{"taxonomy":"category","embeddable":true,"href":"https:\/\/femepa.org\/web\/wp-json\/wp\/v2\/categories?post=27160"},{"taxonomy":"post_tag","embeddable":true,"href":"https:\/\/femepa.org\/web\/wp-json\/wp\/v2\/tags?post=27160"}],"curies":[{"name":"wp","href":"https:\/\/api.w.org\/{rel}","templated":true}]}}