{"id":27257,"date":"2020-06-17T21:24:32","date_gmt":"2020-06-17T21:24:32","guid":{"rendered":"https:\/\/femepa.org\/web\/?p=27257"},"modified":"2020-06-17T21:24:32","modified_gmt":"2020-06-17T21:24:32","slug":"central-de-representaciones-canarias-un-ejemplo-de-solidaridad","status":"publish","type":"post","link":"https:\/\/femepa.org\/web\/central-de-representaciones-canarias-un-ejemplo-de-solidaridad\/","title":{"rendered":"Central de Representaciones Canarias, un ejemplo de solidaridad"},"content":{"rendered":"<p><\/p>\n<p>La campa\u00f1a #FemepaSolidaria ante el COVID-19, a favor de las personas m\u00e1s castigadas por la pandemia, est\u00e1 llegando a su recta final, que tendr\u00e1 lugar este viernes 19 de junio.<\/p>\n<p><\/p>\n<p>Durante las dos semanas que ha estado activa, se han acercado a las instalaciones de Femepa en El Sebadal, concretamente al n\u00famero 8 de la calle Sucre, particulares y empresas que quer\u00edan aportar su granito de arena a esta causa, cuya recaudaci\u00f3n ser\u00e1 entregada a C\u00e1ritas Diocesana de Canarias.<\/p>\n<p><\/p>\n<p>En este sentido, la \u00faltima empresa asociada en hacerlo ha sido \u201c<a href=\"http:\/\/centralderepresentaciones.com\/\" target=\"_blank\" rel=\"noopener noreferrer\">Central de Representaciones Canarias<\/a>\u201d, que se dedica a la distribuci\u00f3n al mayor y detalle de todo tipo de material de fontaner\u00eda. Este negocio teldense, adem\u00e1s, se ha ajustado bastante a las indicaciones de C\u00e1ritas, que ha especificado de antemano los productos m\u00e1s necesarios.<\/p>\n<div><img fetchpriority=\"high\" decoding=\"async\" class=\"size-medium wp-image-27259 aligncenter\" src=\"https:\/\/femepa.org\/web\/wp-content\/uploads\/2020\/06\/Donacio\u0301n-300x169.jpg\" alt=\"\" width=\"300\" height=\"169\" \/><\/div>\n<p><\/p>\n<p>Por \u00faltimo, hay que recordar que a\u00fan es posible realizar donaciones, que pueden ser de alimentos, ropa o econ\u00f3micas, y que pueden consultar o ampliar esta informaci\u00f3n en la p\u00e1gina\u00a0<a href=\"http:\/\/www.femepasolidaria.org\/\" target=\"_blank\" rel=\"noopener noreferrer\">www.femepasolidaria.org<\/a><\/p>\n","protected":false},"excerpt":{"rendered":"<p>La campa\u00f1a #FemepaSolidaria ante el COVID-19, a favor de las personas m\u00e1s castigadas por la pandemia, est\u00e1 llegando a su recta final, que tendr\u00e1 lugar este viernes 19 de junio. Durante las dos semanas que ha estado activa, se han acercado a las instalaciones de Femepa en El Sebadal, concretamente al n\u00famero 8 de la [&hellip;]<\/p>\n","protected":false},"author":4,"featured_media":27258,"comment_status":"closed","ping_status":"closed","sticky":false,"template":"","format":"standard","meta":{"_acf_changed":false,"rs_blank_template":"","rs_page_bg_color":"","slide_template_v7":"","footnotes":""},"categories":[1],"tags":[1595,1355,521,1596],"class_list":["post-27257","post","type-post","status-publish","format-standard","has-post-thumbnail","hentry","category-sin-categoria","tag-central-de-representaciones-canarias","tag-covid-19","tag-el-sebadal","tag-femepa-solidaria"],"acf":[],"_links":{"self":[{"href":"https:\/\/femepa.org\/web\/wp-json\/wp\/v2\/posts\/27257","targetHints":{"allow":["GET"]}}],"collection":[{"href":"https:\/\/femepa.org\/web\/wp-json\/wp\/v2\/posts"}],"about":[{"href":"https:\/\/femepa.org\/web\/wp-json\/wp\/v2\/types\/post"}],"author":[{"embeddable":true,"href":"https:\/\/femepa.org\/web\/wp-json\/wp\/v2\/users\/4"}],"replies":[{"embeddable":true,"href":"https:\/\/femepa.org\/web\/wp-json\/wp\/v2\/comments?post=27257"}],"version-history":[{"count":0,"href":"https:\/\/femepa.org\/web\/wp-json\/wp\/v2\/posts\/27257\/revisions"}],"wp:featuredmedia":[{"embeddable":true,"href":"https:\/\/femepa.org\/web\/wp-json\/wp\/v2\/media\/27258"}],"wp:attachment":[{"href":"https:\/\/femepa.org\/web\/wp-json\/wp\/v2\/media?parent=27257"}],"wp:term":[{"taxonomy":"category","embeddable":true,"href":"https:\/\/femepa.org\/web\/wp-json\/wp\/v2\/categories?post=27257"},{"taxonomy":"post_tag","embeddable":true,"href":"https:\/\/femepa.org\/web\/wp-json\/wp\/v2\/tags?post=27257"}],"curies":[{"name":"wp","href":"https:\/\/api.w.org\/{rel}","templated":true}]}}