{"id":27269,"date":"2020-06-17T20:30:44","date_gmt":"2020-06-17T20:30:44","guid":{"rendered":"https:\/\/femepa.org\/web\/?p=27269"},"modified":"2020-06-17T20:30:44","modified_gmt":"2020-06-17T20:30:44","slug":"vicente-marrero-cede-el-testigo-a-luisa-ramos-en-la-presidencia-de-arn","status":"publish","type":"post","link":"https:\/\/femepa.org\/web\/vicente-marrero-cede-el-testigo-a-luisa-ramos-en-la-presidencia-de-arn\/","title":{"rendered":"Vicente Marrero cede el testigo a Luisa Ramos en la presidencia de ARN"},"content":{"rendered":"<p>&nbsp;<\/p>\n<p>El sal\u00f3n de actos de Femepa ha acogido este mi\u00e9rcoles la Asamblea General -con car\u00e1cter electoral- de la Asociaci\u00f3n de Reparaciones Navales de Las Palmas (ARN). En ella, ha tomado posesi\u00f3n la ingeniera <strong>Luisa Ramos <\/strong>como nueva presidenta y tambi\u00e9n se ha presentado al resto de miembros de la Junta Directiva que la acompa\u00f1ar\u00e1 durante su mandato.<\/p>\n<p>Por su parte, Ramos ha destacado que asume el reto \u201ccon mucha responsabilidad, mucho miedo y mucha ilusi\u00f3n, y con ganas de que los miembros de esta asociaci\u00f3n tengan peso en los organismos correspondientes\u201d, as\u00ed como ha a\u00f1adido que \u201cvienen tiempos dif\u00edciles y hace falta que todo el mundo haga escuchar su voz y tengamos en cuenta opiniones y posibles soluciones para los problemas que vamos a encontrar en la etapa post pandemia\u201d.<\/p>\n<p>Adem\u00e1s, el ya expresidente, <strong>Vicente Marrero<\/strong>, ha realizado un recorrido por el sector y la asociaci\u00f3n, al tiempo que se ha tratado la vuelta a la normalidad y un afectuoso homenaje p\u00f3stumo a tres figuras relevantes dentro de ARN: <strong>Fidel Gonz\u00e1lez<\/strong>,<strong> Jos\u00e9 Juan Ram\u00edrez <\/strong>y <strong>Germ\u00e1n Su\u00e1rez<\/strong>.<\/p>\n<p>Por otro lado, se ha acordado donar 2.000\u20ac a la campa\u00f1a #FemepaSolidaria ante el COVID-19, a favor de las personas m\u00e1s castigadas por la pandemia. Hay que recordar que la recaudaci\u00f3n de esta acci\u00f3n ser\u00e1 entregada a C\u00e1ritas Diocesana de Canarias.<\/p>\n<p>&nbsp;<\/p>\n<p><strong>Nueva Junta Directiva de ARN:<\/strong><\/p>\n<p>Presidenta: Do\u00f1a Luisa Ramos Farinos (ASTICAN)<\/p>\n<p>Vicepresidente 1\u00ba: Don Borja Garaygordobil (RNC)<\/p>\n<p>Vicepresidente 2\u00ba: Don David Gonz\u00e1lez P\u00e9rez (GLOBE)<\/p>\n<p>Vocales:<\/p>\n<ul>\n<li>Don Felipe del Rosario (FEROHER)<\/li>\n<li>Don Carlos Rodr\u00edguez Hern\u00e1ndez (RODRITOL)<\/li>\n<li>Don Carmelo Cruz Betancor (CARCRUNE)<\/li>\n<li>Don C\u00e9sar D\u00edez Correa (ETS)<\/li>\n<li>Don Diego Delgado Mart\u00edn (DELSAN)<\/li>\n<li>Don Rafael Garc\u00eda Cabrera (Atlantic Engineering Support)<\/li>\n<li>Don Guillermo Ramos (T. Navales Pesquero)<\/li>\n<li>Don Javier P\u00e9rez Cabrera (Metal Welding)<\/li>\n<li>Don Jorge Moreno Roque (SAMPER)<\/li>\n<li>Don Manuel Calder\u00edn Aguilar (Canary Ship Support)<\/li>\n<li>Don Roberto Santiago D\u00edaz (TRASUNAVAL)<\/li>\n<li>Don Roberto Santiago P\u00e9rez (CARENADOS)<\/li>\n<li>Do\u00f1a Silvia L\u00f3pez Salazar (Armando L\u00f3pez)<\/li>\n<li>Don Vicente Toledo Medina (GUANCHIA)<\/li>\n<li>Do\u00f1a Yaiza de la Mora (SACSA)<\/li>\n<\/ul>\n<p>Tesorero: Vicente Marrero Dom\u00ednguez (ADD)<\/p>\n<p>Vocales suplentes:<\/p>\n<ul>\n<li>Emilio Miranda Iglesias (Contratas Metal\u00fargicas)<\/li>\n<li>Don Pedro Loro Gonz\u00e1lez (Rep. Navales Tibur\u00f3n)<\/li>\n<li>Don Miguel Palma Comas (TMB)<\/li>\n<li>Don \u00c1ngel Mario Brito D\u00e1vila (GASIMSA)<\/li>\n<li>Don Crist\u00f3bal \u00c1lamo Mirabal (Talleres Faro)<\/li>\n<\/ul>\n<h2 style=\"text-align: center;\"><a href=\"https:\/\/www.flickr.com\/photos\/183138392@N05\/albums\/72157714760046322\" target=\"_blank\" rel=\"noopener noreferrer\"><strong>GALER\u00cdA FOTOGR\u00c1FICA<\/strong><\/a><\/h2>\n<p><iframe title=\"Vicente Marrero cede el testigo a Luisa Ramos en la presidencia de ARN\" width=\"500\" height=\"281\" src=\"https:\/\/www.youtube.com\/embed\/g8W43G9ASDg?feature=oembed\" frameborder=\"0\" allow=\"accelerometer; autoplay; clipboard-write; encrypted-media; gyroscope; picture-in-picture; web-share\" referrerpolicy=\"strict-origin-when-cross-origin\" allowfullscreen><\/iframe><\/p>\n<p>&nbsp;<\/p>\n","protected":false},"excerpt":{"rendered":"<p>&nbsp; El sal\u00f3n de actos de Femepa ha acogido este mi\u00e9rcoles la Asamblea General -con car\u00e1cter electoral- de la Asociaci\u00f3n de Reparaciones Navales de Las Palmas (ARN). En ella, ha tomado posesi\u00f3n la ingeniera Luisa Ramos como nueva presidenta y tambi\u00e9n se ha presentado al resto de miembros de la Junta Directiva que la acompa\u00f1ar\u00e1 [&hellip;]<\/p>\n","protected":false},"author":4,"featured_media":27270,"comment_status":"closed","ping_status":"closed","sticky":false,"template":"","format":"standard","meta":{"_acf_changed":false,"rs_blank_template":"","rs_page_bg_color":"","slide_template_v7":"","footnotes":""},"categories":[1],"tags":[402,1500,1596,1597,137],"class_list":["post-27269","post","type-post","status-publish","format-standard","has-post-thumbnail","hentry","category-sin-categoria","tag-arn","tag-caritas-diocesana-de-canarias","tag-femepa-solidaria","tag-luisa-ramos","tag-vicente-marrero"],"acf":[],"_links":{"self":[{"href":"https:\/\/femepa.org\/web\/wp-json\/wp\/v2\/posts\/27269","targetHints":{"allow":["GET"]}}],"collection":[{"href":"https:\/\/femepa.org\/web\/wp-json\/wp\/v2\/posts"}],"about":[{"href":"https:\/\/femepa.org\/web\/wp-json\/wp\/v2\/types\/post"}],"author":[{"embeddable":true,"href":"https:\/\/femepa.org\/web\/wp-json\/wp\/v2\/users\/4"}],"replies":[{"embeddable":true,"href":"https:\/\/femepa.org\/web\/wp-json\/wp\/v2\/comments?post=27269"}],"version-history":[{"count":0,"href":"https:\/\/femepa.org\/web\/wp-json\/wp\/v2\/posts\/27269\/revisions"}],"wp:featuredmedia":[{"embeddable":true,"href":"https:\/\/femepa.org\/web\/wp-json\/wp\/v2\/media\/27270"}],"wp:attachment":[{"href":"https:\/\/femepa.org\/web\/wp-json\/wp\/v2\/media?parent=27269"}],"wp:term":[{"taxonomy":"category","embeddable":true,"href":"https:\/\/femepa.org\/web\/wp-json\/wp\/v2\/categories?post=27269"},{"taxonomy":"post_tag","embeddable":true,"href":"https:\/\/femepa.org\/web\/wp-json\/wp\/v2\/tags?post=27269"}],"curies":[{"name":"wp","href":"https:\/\/api.w.org\/{rel}","templated":true}]}}