{"id":27333,"date":"2020-06-19T20:49:37","date_gmt":"2020-06-19T20:49:37","guid":{"rendered":"https:\/\/femepa.org\/web\/?p=27333"},"modified":"2020-06-19T20:49:37","modified_gmt":"2020-06-19T20:49:37","slug":"los-cuatro-pfaes-de-femepa-arrancaran-este-lunes-con-la-novedad-de-la-apuesta-por-lo-digital","status":"publish","type":"post","link":"https:\/\/femepa.org\/web\/los-cuatro-pfaes-de-femepa-arrancaran-este-lunes-con-la-novedad-de-la-apuesta-por-lo-digital\/","title":{"rendered":"Los cuatro PFAEs de Femepa arrancar\u00e1n este lunes con la novedad de la apuesta por lo digital"},"content":{"rendered":"<p>&nbsp;<\/p>\n<p>Los cuatro PFAEs (Programas de Formaci\u00f3n en Alternancia con el Empleo) que gestionar\u00e1 Femepa comenzar\u00e1n a andar el pr\u00f3ximo lunes, 22 de junio, en las instalaciones formativas de El Sebadal. En esta ocasi\u00f3n, las especialidades ser\u00e1n las de montaje y mantenimiento de instalaciones frigor\u00edficas, sistemas de telefon\u00eda e infraestructuras de redes locales de datos, climatizaci\u00f3n y ventilaci\u00f3n-extracci\u00f3n, y el\u00e9ctricas de baja tensi\u00f3n.<\/p>\n<p>Por ello, los equipos profesionales que llevar\u00e1n a cabo cada uno de estos programas se han reunido este viernes para coordinar las directrices que se van a seguir, especialmente las que tienen que ver con la seguridad laboral y la nueva normalidad.<\/p>\n<p>Asimismo, se ha hablado de los acuerdos con los ej\u00e9rcitos de Aire, Tierra y Mar, donde los alumnos\/as \u2013 trabajadores\/as podr\u00e1n realizar la obra social adherida a estos programas, as\u00ed como se ha tratado la inminente renovaci\u00f3n de los sellos de calidad y medio ambiente, y el repaso del manual de procedimiento, que incluye las normas de conducta, imagen, puntualidad y comportamiento del alumnado en el aula.<\/p>\n<p>Por \u00faltimo, se ha puesto sobre la mesa la apuesta que se va a hacer en esta edici\u00f3n por lo digital, ya que cada PFAE tendr\u00e1 asociado una plataforma Moodle. El objetivo es tener esta competencia asumida, por si en momentos puntuales se requiere seguir el programa desde casa. En la misma l\u00ednea, los libros ser\u00e1n entregados en formato digital.<\/p>\n","protected":false},"excerpt":{"rendered":"<p>&nbsp; Los cuatro PFAEs (Programas de Formaci\u00f3n en Alternancia con el Empleo) que gestionar\u00e1 Femepa comenzar\u00e1n a andar el pr\u00f3ximo lunes, 22 de junio, en las instalaciones formativas de El Sebadal. En esta ocasi\u00f3n, las especialidades ser\u00e1n las de montaje y mantenimiento de instalaciones frigor\u00edficas, sistemas de telefon\u00eda e infraestructuras de redes locales de datos, [&hellip;]<\/p>\n","protected":false},"author":4,"featured_media":27334,"comment_status":"closed","ping_status":"closed","sticky":false,"template":"","format":"standard","meta":{"_acf_changed":false,"rs_blank_template":"","rs_page_bg_color":"","slide_template_v7":"","footnotes":""},"categories":[1],"tags":[1600,1601,1602,1272,279,654,587],"class_list":["post-27333","post","type-post","status-publish","format-standard","has-post-thumbnail","hentry","category-sin-categoria","tag-ejercito-de-aire","tag-ejercito-de-mar","tag-ejercito-de-tierra","tag-fondo-social-europeo","tag-pfae","tag-sepe","tag-servicio-canario-de-empleo"],"acf":[],"_links":{"self":[{"href":"https:\/\/femepa.org\/web\/wp-json\/wp\/v2\/posts\/27333","targetHints":{"allow":["GET"]}}],"collection":[{"href":"https:\/\/femepa.org\/web\/wp-json\/wp\/v2\/posts"}],"about":[{"href":"https:\/\/femepa.org\/web\/wp-json\/wp\/v2\/types\/post"}],"author":[{"embeddable":true,"href":"https:\/\/femepa.org\/web\/wp-json\/wp\/v2\/users\/4"}],"replies":[{"embeddable":true,"href":"https:\/\/femepa.org\/web\/wp-json\/wp\/v2\/comments?post=27333"}],"version-history":[{"count":0,"href":"https:\/\/femepa.org\/web\/wp-json\/wp\/v2\/posts\/27333\/revisions"}],"wp:featuredmedia":[{"embeddable":true,"href":"https:\/\/femepa.org\/web\/wp-json\/wp\/v2\/media\/27334"}],"wp:attachment":[{"href":"https:\/\/femepa.org\/web\/wp-json\/wp\/v2\/media?parent=27333"}],"wp:term":[{"taxonomy":"category","embeddable":true,"href":"https:\/\/femepa.org\/web\/wp-json\/wp\/v2\/categories?post=27333"},{"taxonomy":"post_tag","embeddable":true,"href":"https:\/\/femepa.org\/web\/wp-json\/wp\/v2\/tags?post=27333"}],"curies":[{"name":"wp","href":"https:\/\/api.w.org\/{rel}","templated":true}]}}