{"id":27358,"date":"2020-06-22T07:47:45","date_gmt":"2020-06-22T07:47:45","guid":{"rendered":"https:\/\/femepa.org\/web\/?p=27358"},"modified":"2020-06-22T07:47:45","modified_gmt":"2020-06-22T07:47:45","slug":"seminario-web-novedades-en-el-programa-de-subvenciones-a-proyectos-de-inversion-de-pequenas-y-medianas-empresas-en-canarias","status":"publish","type":"post","link":"https:\/\/femepa.org\/web\/seminario-web-novedades-en-el-programa-de-subvenciones-a-proyectos-de-inversion-de-pequenas-y-medianas-empresas-en-canarias\/","title":{"rendered":"Seminario Web \u201cNovedades en el programa de subvenciones a proyectos de inversi\u00f3n de peque\u00f1as y medianas empresas en Canarias\u201d"},"content":{"rendered":"<p>&nbsp;<\/p>\n<p style=\"text-align: center;\"><strong>Jueves, 25 de junio de 2020<\/strong><\/p>\n<p style=\"text-align: center;\"><strong>11:00 \u2013 12:30<\/strong><\/p>\n<p>&nbsp;<\/p>\n<p><strong>Organiza:\u00a0<\/strong>Direcci\u00f3n General de Promoci\u00f3n Econ\u00f3mica \u2013 Consejer\u00eda de Econom\u00eda, Conocimiento y Empleo del Gobierno de Canarias.<\/p>\n<p><strong>Colaboran:<\/strong>\u00a0EEN Canarias, Emprender en Canarias, Red CIDE, Observatorio Industrial de Canarias, Plataforma VTCAN.<\/p>\n<p>&nbsp;<\/p>\n<p><strong>Descripci\u00f3n de la Jornada<\/strong><\/p>\n<hr \/>\n<p>El objetivo de este seminario web es presentar las novedades en el programa de\u00a0<strong><em>Subvenciones a proyectos de inversi\u00f3n de peque\u00f1as y medianas empresas de Canarias<\/em><\/strong>, gestionado por la Direcci\u00f3n General de Promoci\u00f3n Econ\u00f3mica del Gobierno de Canarias. Estas ayudas van dirigidas a la creaci\u00f3n de empresas, mejorar la productividad y competitividad de empresas ya existentes y el apoyo a la innovaci\u00f3n en los \u00e1mbitos tecnol\u00f3gico, organizativo y de gesti\u00f3n empresarial.<\/p>\n<p>&nbsp;<\/p>\n<p><strong>Contenidos de la Jornada<\/strong><\/p>\n<hr \/>\n<table>\n<tbody>\n<tr>\n<td width=\"20%\">11:00 \u2013 11:15<\/td>\n<td width=\"80%\"><strong>Apertura de la jornada<\/strong><em>D\u00f1a. Almudena Est\u00e9vez Est\u00e9vez.\u00a0<\/em>Viceconsejera de Econom\u00eda e Internacionalizaci\u00f3n. Gobierno de Canarias.<\/p>\n<p><em>D. Laureano P\u00e9rez Rodr\u00edguez.\u00a0<\/em>Director General de Promoci\u00f3n Econ\u00f3mica del Gobierno de Canarias.<\/td>\n<\/tr>\n<tr>\n<td width=\"20%\">11:15 \u2013 12:00<\/td>\n<td width=\"80%\"><strong>Novedades del programa de subvenciones a proyectos de inversi\u00f3n de peque\u00f1as y medianas empresas en Canarias<\/strong><em>D\u00f1a. Antonia Mar\u00eda Fern\u00e1ndez P\u00e9rez.\u00a0<\/em>Jefa de Servicio de Incentivos Econ\u00f3micos. DGPE del Gobierno de Canarias.<\/td>\n<\/tr>\n<tr>\n<td width=\"20%\">12:00 \u2013 12:30<\/td>\n<td width=\"80%\"><strong>Debate \u2013 Resoluci\u00f3n de dudas<\/strong><\/td>\n<\/tr>\n<tr>\n<td width=\"20%\"><\/td>\n<td width=\"80%\"><strong>Cierre del evento<\/strong><\/td>\n<\/tr>\n<\/tbody>\n<\/table>\n<h1><\/h1>\n<h1 style=\"text-align: center;\"><a href=\"https:\/\/www.emprenderencanarias.es\/seminario-web-inversion-pyme\/\" target=\"_blank\" rel=\"noopener noreferrer\"><strong>INSCRIPCI\u00d3N<\/strong><\/a><\/h1>\n","protected":false},"excerpt":{"rendered":"<p>&nbsp; Jueves, 25 de junio de 2020 11:00 \u2013 12:30 &nbsp; Organiza:\u00a0Direcci\u00f3n General de Promoci\u00f3n Econ\u00f3mica \u2013 Consejer\u00eda de Econom\u00eda, Conocimiento y Empleo del Gobierno de Canarias. Colaboran:\u00a0EEN Canarias, Emprender en Canarias, Red CIDE, Observatorio Industrial de Canarias, Plataforma VTCAN. &nbsp; Descripci\u00f3n de la Jornada El objetivo de este seminario web es presentar las novedades [&hellip;]<\/p>\n","protected":false},"author":4,"featured_media":27359,"comment_status":"closed","ping_status":"closed","sticky":false,"template":"","format":"standard","meta":{"_acf_changed":false,"rs_blank_template":"","rs_page_bg_color":"","slide_template_v7":"","footnotes":""},"categories":[1],"tags":[161],"class_list":["post-27358","post","type-post","status-publish","format-standard","has-post-thumbnail","hentry","category-sin-categoria","tag-red-cide"],"acf":[],"_links":{"self":[{"href":"https:\/\/femepa.org\/web\/wp-json\/wp\/v2\/posts\/27358","targetHints":{"allow":["GET"]}}],"collection":[{"href":"https:\/\/femepa.org\/web\/wp-json\/wp\/v2\/posts"}],"about":[{"href":"https:\/\/femepa.org\/web\/wp-json\/wp\/v2\/types\/post"}],"author":[{"embeddable":true,"href":"https:\/\/femepa.org\/web\/wp-json\/wp\/v2\/users\/4"}],"replies":[{"embeddable":true,"href":"https:\/\/femepa.org\/web\/wp-json\/wp\/v2\/comments?post=27358"}],"version-history":[{"count":0,"href":"https:\/\/femepa.org\/web\/wp-json\/wp\/v2\/posts\/27358\/revisions"}],"wp:featuredmedia":[{"embeddable":true,"href":"https:\/\/femepa.org\/web\/wp-json\/wp\/v2\/media\/27359"}],"wp:attachment":[{"href":"https:\/\/femepa.org\/web\/wp-json\/wp\/v2\/media?parent=27358"}],"wp:term":[{"taxonomy":"category","embeddable":true,"href":"https:\/\/femepa.org\/web\/wp-json\/wp\/v2\/categories?post=27358"},{"taxonomy":"post_tag","embeddable":true,"href":"https:\/\/femepa.org\/web\/wp-json\/wp\/v2\/tags?post=27358"}],"curies":[{"name":"wp","href":"https:\/\/api.w.org\/{rel}","templated":true}]}}