{"id":27732,"date":"2020-07-03T20:18:50","date_gmt":"2020-07-03T20:18:50","guid":{"rendered":"https:\/\/femepa.org\/web\/?p=27732"},"modified":"2020-07-03T20:18:50","modified_gmt":"2020-07-03T20:18:50","slug":"femepa-colabora-con-la-maritime-week-las-palmas","status":"publish","type":"post","link":"https:\/\/femepa.org\/web\/femepa-colabora-con-la-maritime-week-las-palmas\/","title":{"rendered":"Femepa colabora con la \u201cMaritime Week Las Palmas\u201d"},"content":{"rendered":"<p>Las Palmas de Gran Canaria acoger\u00e1 \u2013 del 9 al 13 de noviembre de 2020- el evento de alcance internacional \u201cMaritime Week Las Palmas\u201d, con el que colaborar\u00e1 Femepa y alguna de sus empresas asociadas.<\/p>\n<p>En este sentido, Gran Canaria y, m\u00e1s concretamente, el Puerto de Las Palmas se convertir\u00e1n en centro de atenci\u00f3n mundial del sector mar\u00edtimo, al albergar la participaci\u00f3n de unas 250 personas, entre representantes de las m\u00e1s prestigiosas multinacionales y compa\u00f1\u00edas nacionales y regionales del sector portuario.<\/p>\n<p>Ser\u00e1, por tanto, un encuentro al m\u00e1s alto nivel, con seminarios dirigidos por directivos especializados de grandes empresas, reuniones B2B para el desarrollo de contactos y negocios entre compa\u00f1\u00edas y visitas t\u00e9cnicas al Puerto de Las Palmas para conocer su potencial como enlace intercontinental (Europa, \u00c1frica y Am\u00e9rica).<\/p>\n<p>No en vano, el puerto grancanario es el principal enclave de servicios mar\u00edtimos y suministro de combustible del Atl\u00e1ntico Medio, adem\u00e1s de destacar en el desarrollo en el terreno de la automatizaci\u00f3n y la digitalizaci\u00f3n de sus servicios portuarios.<\/p>\n<p>&nbsp;<\/p>\n<p><img fetchpriority=\"high\" decoding=\"async\" class=\"size-full wp-image-27737 aligncenter\" src=\"https:\/\/femepa.org\/web\/wp-content\/uploads\/2020\/07\/Maritime-Week-Las-Palmas.jpg\" alt=\"\" width=\"800\" height=\"1418\" srcset=\"https:\/\/femepa.org\/web\/wp-content\/uploads\/2020\/07\/Maritime-Week-Las-Palmas.jpg 800w, https:\/\/femepa.org\/web\/wp-content\/uploads\/2020\/07\/Maritime-Week-Las-Palmas-169x300.jpg 169w, https:\/\/femepa.org\/web\/wp-content\/uploads\/2020\/07\/Maritime-Week-Las-Palmas-578x1024.jpg 578w, https:\/\/femepa.org\/web\/wp-content\/uploads\/2020\/07\/Maritime-Week-Las-Palmas-768x1361.jpg 768w, https:\/\/femepa.org\/web\/wp-content\/uploads\/2020\/07\/Maritime-Week-Las-Palmas-600x1064.jpg 600w\" sizes=\"(max-width: 800px) 100vw, 800px\" \/><\/p>\n<h2 style=\"text-align: center;\"><a href=\"https:\/\/www.petrospot.com\/events\/mwlp-2020\" target=\"_blank\" rel=\"noopener noreferrer\"><br \/>\n<strong>M\u00e1s informaci\u00f3n<\/strong><\/a><\/h2>\n<p>&nbsp;<\/p>\n","protected":false},"excerpt":{"rendered":"<p>Las Palmas de Gran Canaria acoger\u00e1 \u2013 del 9 al 13 de noviembre de 2020- el evento de alcance internacional \u201cMaritime Week Las Palmas\u201d, con el que colaborar\u00e1 Femepa y alguna de sus empresas asociadas. En este sentido, Gran Canaria y, m\u00e1s concretamente, el Puerto de Las Palmas se convertir\u00e1n en centro de atenci\u00f3n mundial [&hellip;]<\/p>\n","protected":false},"author":4,"featured_media":27733,"comment_status":"closed","ping_status":"closed","sticky":false,"template":"","format":"standard","meta":{"_acf_changed":false,"rs_blank_template":"","rs_page_bg_color":"","slide_template_v7":"","footnotes":""},"categories":[1],"tags":[64,225,66,1640,1641],"class_list":["post-27732","post","type-post","status-publish","format-standard","has-post-thumbnail","hentry","category-sin-categoria","tag-femepa","tag-gran-canaria","tag-las-palmas","tag-maritime-week","tag-puerto-de-las-palmas"],"acf":[],"_links":{"self":[{"href":"https:\/\/femepa.org\/web\/wp-json\/wp\/v2\/posts\/27732","targetHints":{"allow":["GET"]}}],"collection":[{"href":"https:\/\/femepa.org\/web\/wp-json\/wp\/v2\/posts"}],"about":[{"href":"https:\/\/femepa.org\/web\/wp-json\/wp\/v2\/types\/post"}],"author":[{"embeddable":true,"href":"https:\/\/femepa.org\/web\/wp-json\/wp\/v2\/users\/4"}],"replies":[{"embeddable":true,"href":"https:\/\/femepa.org\/web\/wp-json\/wp\/v2\/comments?post=27732"}],"version-history":[{"count":0,"href":"https:\/\/femepa.org\/web\/wp-json\/wp\/v2\/posts\/27732\/revisions"}],"wp:featuredmedia":[{"embeddable":true,"href":"https:\/\/femepa.org\/web\/wp-json\/wp\/v2\/media\/27733"}],"wp:attachment":[{"href":"https:\/\/femepa.org\/web\/wp-json\/wp\/v2\/media?parent=27732"}],"wp:term":[{"taxonomy":"category","embeddable":true,"href":"https:\/\/femepa.org\/web\/wp-json\/wp\/v2\/categories?post=27732"},{"taxonomy":"post_tag","embeddable":true,"href":"https:\/\/femepa.org\/web\/wp-json\/wp\/v2\/tags?post=27732"}],"curies":[{"name":"wp","href":"https:\/\/api.w.org\/{rel}","templated":true}]}}