{"id":27975,"date":"2020-07-16T06:57:26","date_gmt":"2020-07-16T06:57:26","guid":{"rendered":"https:\/\/femepa.org\/web\/?p=27975"},"modified":"2020-07-16T06:57:26","modified_gmt":"2020-07-16T06:57:26","slug":"el-cabildo-de-fuerteventura-abre-el-plazo-para-solicitar-las-ayudas-a-autonomos-y-pymes-para-hacer-frente-a-la-situacion-economica-derivada-de-la-crisis-del-covid-19","status":"publish","type":"post","link":"https:\/\/femepa.org\/web\/el-cabildo-de-fuerteventura-abre-el-plazo-para-solicitar-las-ayudas-a-autonomos-y-pymes-para-hacer-frente-a-la-situacion-economica-derivada-de-la-crisis-del-covid-19\/","title":{"rendered":"El Cabildo de Fuerteventura abre el plazo para solicitar las ayudas a aut\u00f3nomos y pymes para hacer frente a la situaci\u00f3n econ\u00f3mica derivada de la crisis del COVID-19"},"content":{"rendered":"<p>&nbsp;<\/p>\n<p style=\"font-weight: 400;\">El Cabildo de Fuerteventura, a trav\u00e9s de la Consejer\u00eda de Presidencia, Hacienda y Promoci\u00f3n Econ\u00f3mica, ha procedido a publicar la convocatoria extraordinaria de ayudas a aut\u00f3nomos y pymes para hacer frente a la situaci\u00f3n socioecon\u00f3mica causada por la crisis del Covid-19. El plazo para la presentaci\u00f3n de las solicitudes es de quince d\u00edas h\u00e1biles a contar desde la publicaci\u00f3n de la convocatoria en el Bolet\u00edn Oficial de La Provincia de Las Palmas (viernes d\u00eda 10 de julio).<\/p>\n<p style=\"font-weight: 400;\"><strong>\u00a0<\/strong><\/p>\n<p style=\"font-weight: 400;\"><strong>Objeto y \u00e1mbito<\/strong><\/p>\n<p>Creaci\u00f3n de 2 l\u00edneas de ayuda extraordinaria a las personas f\u00edsicas trabajadoras aut\u00f3nomas y a las microempresas y peque\u00f1as empresas de la isla de Fuerteventura, como compensaci\u00f3n por la suspensi\u00f3n de su actividad empresarial, as\u00ed como la considerable disminuci\u00f3n de ingresos derivada de la declaraci\u00f3n del estado de alarma decretado en virtud del Real Decreto 463\/2020, de 14 de marzo, frente a la crisis sanitaria de la COVID-19.<\/p>\n<p>La finalidad de esta subvenci\u00f3n es la compensaci\u00f3n al tejido productivo de la isla para lograr que se produzca lo antes posible una reactivaci\u00f3n de la actividad econ\u00f3mica insular.<\/p>\n<p>&nbsp;<\/p>\n<p><strong>Beneficiarios<\/strong><\/p>\n<p><u>L\u00cdNEA 1<\/u>: Ayuda extraordinaria a las personas f\u00edsicas trabajadoras aut\u00f3nomas de la isla de Fuerteventura<\/p>\n<p><u>L\u00cdNEA 2<\/u>: Ayuda extraordinaria a las microempresas y peque\u00f1as empresas de la isla de Fuerteventura<\/p>\n<p>&nbsp;<\/p>\n<p><strong>Importe de las ayudas.<\/strong><\/p>\n<p><u>Para la L\u00cdNEA 1: Ayuda extraordinaria a las personas f\u00edsicas trabajadoras aut\u00f3nomas\u00a0<\/u>de la isla de Fuerteventura:<\/p>\n<p>&nbsp;<\/p>\n<p>Se conceder\u00e1 una cantidad fija de MIL QUINIENTOS EUROS (1.500,00 \u20ac) por cada trabajador aut\u00f3nomo solicitante, que podr\u00e1 ser complementado en funci\u00f3n del n\u00famero de trabajadores que ten\u00eda a su cargo el solicitante a fecha 13 de marzo de 2020, por<\/p>\n<p>importe de SEISCIENTOS EUROS (600,00 \u20ac) por cada trabajador contratado para un centro de trabajo ubicado en la isla de Fuerteventura.<\/p>\n<p>En todo caso, en esta l\u00ednea ning\u00fan beneficiario\/a podr\u00e1 obtener una subvenci\u00f3n superior a CUATRO MIL QUINIENTOS EUROS (4.500,00 \u20ac).<\/p>\n<p>A efectos del c\u00f3mputo del n\u00famero de trabajadores para esta l\u00ednea, \u00fanicamente se tendr\u00e1n en cuenta las personas trabajadoras por cuenta ajena bajo la modalidad contractual de jornada completa y\/o a media jornada.<\/p>\n<p>&nbsp;<\/p>\n<p><u>Para la L\u00cdNEA 2: Ayuda extraordinaria a las microempresas y peque\u00f1as empresas de la isla de Fuerteventura:<\/u><\/p>\n<p>El importe de la subvenci\u00f3n a conceder se establece en funci\u00f3n del n\u00famero de trabajadores que ten\u00eda a su cargo el solicitante a fecha 13 de marzo de 2020, por importe de SEISCIENTOS EUROS (600,00 \u20ac) por cada trabajador contratado para un centro de trabajo ubicado en la Isla de Fuerteventura.<\/p>\n<p>En caso de que la Sociedad carezca de trabajadores a su cargo se aplicar\u00e1 a UNO de los administradores los criterios de la l\u00ednea 1 (1.500,00 \u20ac).<\/p>\n<p>En todo caso, en esta l\u00ednea ninguna empresa beneficiaria podr\u00e1 obtener una subvenci\u00f3n superior a QUINCE MIL EUROS (15.000,00 \u20ac).<\/p>\n<p>A efectos del c\u00f3mputo del n\u00famero de trabajadores para esta l\u00ednea, \u00fanicamente se tendr\u00e1n en cuenta las personas trabajadoras por cuenta ajena bajo la modalidad contractual de jornada completa y\/o a media jornada.<\/p>\n<p>&nbsp;<\/p>\n<p><strong>Forma y plazo de presentaci\u00f3n de solicitudes<\/strong><\/p>\n<p>Las solicitudes se formalizar\u00e1n en el modelo oficial elaborado por el Cabildo Insular de Fuerteventura que se adjunta como\u00a0<u>Anexo I<\/u>\u00a0de la presente convocatoria, a la que\u00a0<u>se acompa\u00f1ar\u00e1 la documentaci\u00f3n requerida<\/u>\u00a0en el art\u00edculo 6, el cual habr\u00e1 de estar debidamente firmado por el solicitante o su representante.<\/p>\n<p>La documentaci\u00f3n exigida en la presente convocatoria se ha de presentar de forma adjunta a la solicitud de subvenci\u00f3n, o en caso de no disponer de la misma en ese momento, de los comprobantes de haber solicitado \u00e9sta.\u00a0<u>Se considerar\u00e1 presentada una solicitud cuando se aporte toda la documentaci\u00f3n requerida en esta convocatoria<\/u>.<\/p>\n<p>&nbsp;<\/p>\n<p><u>Las solicitudes debidamente cumplimentadas y documentaci\u00f3n preceptiva, deber\u00e1n ser presentadas PREFERENTEMENTE (en caso de persona f\u00edsica) de forma TELEM\u00c1TICA<\/u>, con el fin de agilizar los procedimientos, en la Sede Electr\u00f3nica del Cabildo Insular de Fuerteventura, (<a href=\"http:\/\/www.cabildofuer.es\/\">www.cabildofuer.es<\/a>) a trav\u00e9s del procedimiento habilitado al efecto y denominado \u201c<u>Ayuda extraordinaria de compensaci\u00f3n a trabajadores aut\u00f3nomos, micropymes y peque\u00f1as empresas de Fuerteventura frente a la COVID-19<\/u>\u201d, as\u00ed como, en las formas previstas en el art\u00edculo 16 de la Ley 39\/2015, de 01 de octubre, del Procedimiento Administrativo Com\u00fan de las Administraciones P\u00fablicas.<\/p>\n<p>&nbsp;<\/p>\n<p>El\u00a0<u>plazo para la presentaci\u00f3n de las solicitudes<\/u>\u00a0de esta ayuda extraordinaria es de\u00a0<u>QUINCE D\u00cdAS H\u00c1BILES<\/u>\u00a0a contar desde el d\u00eda siguiente a la fecha de publicaci\u00f3n de esta convocatoria en el Bolet\u00edn Oficial de la Provincia (10 de julio de 2020).<\/p>\n<p><em>P<\/em><em>ara m\u00e1s informaci\u00f3n puedes contactar con el T\u00e9cnico de Innovaci\u00f3n de Femepa 928296161<\/em><em>, ext#2032 , o bien en<\/em><em>\u00a0<a href=\"mailto:obdulia.martin@femepa.es\">obdulia.martin@femepa.es<\/a><\/em><\/p>\n","protected":false},"excerpt":{"rendered":"<p>&nbsp; El Cabildo de Fuerteventura, a trav\u00e9s de la Consejer\u00eda de Presidencia, Hacienda y Promoci\u00f3n Econ\u00f3mica, ha procedido a publicar la convocatoria extraordinaria de ayudas a aut\u00f3nomos y pymes para hacer frente a la situaci\u00f3n socioecon\u00f3mica causada por la crisis del Covid-19. El plazo para la presentaci\u00f3n de las solicitudes es de quince d\u00edas h\u00e1biles [&hellip;]<\/p>\n","protected":false},"author":4,"featured_media":27976,"comment_status":"closed","ping_status":"closed","sticky":false,"template":"","format":"standard","meta":{"_acf_changed":false,"rs_blank_template":"","rs_page_bg_color":"","slide_template_v7":"","footnotes":""},"categories":[1],"tags":[],"class_list":["post-27975","post","type-post","status-publish","format-standard","has-post-thumbnail","hentry","category-sin-categoria"],"acf":[],"_links":{"self":[{"href":"https:\/\/femepa.org\/web\/wp-json\/wp\/v2\/posts\/27975","targetHints":{"allow":["GET"]}}],"collection":[{"href":"https:\/\/femepa.org\/web\/wp-json\/wp\/v2\/posts"}],"about":[{"href":"https:\/\/femepa.org\/web\/wp-json\/wp\/v2\/types\/post"}],"author":[{"embeddable":true,"href":"https:\/\/femepa.org\/web\/wp-json\/wp\/v2\/users\/4"}],"replies":[{"embeddable":true,"href":"https:\/\/femepa.org\/web\/wp-json\/wp\/v2\/comments?post=27975"}],"version-history":[{"count":0,"href":"https:\/\/femepa.org\/web\/wp-json\/wp\/v2\/posts\/27975\/revisions"}],"wp:featuredmedia":[{"embeddable":true,"href":"https:\/\/femepa.org\/web\/wp-json\/wp\/v2\/media\/27976"}],"wp:attachment":[{"href":"https:\/\/femepa.org\/web\/wp-json\/wp\/v2\/media?parent=27975"}],"wp:term":[{"taxonomy":"category","embeddable":true,"href":"https:\/\/femepa.org\/web\/wp-json\/wp\/v2\/categories?post=27975"},{"taxonomy":"post_tag","embeddable":true,"href":"https:\/\/femepa.org\/web\/wp-json\/wp\/v2\/tags?post=27975"}],"curies":[{"name":"wp","href":"https:\/\/api.w.org\/{rel}","templated":true}]}}