{"id":27989,"date":"2020-07-16T20:05:13","date_gmt":"2020-07-16T20:05:13","guid":{"rendered":"https:\/\/femepa.org\/web\/?p=27989"},"modified":"2020-07-16T20:05:13","modified_gmt":"2020-07-16T20:05:13","slug":"femepa-entrega-a-caritas-la-recaudacion-economica-de-la-campana-femepasolidaria-ante-el-covid-19","status":"publish","type":"post","link":"https:\/\/femepa.org\/web\/femepa-entrega-a-caritas-la-recaudacion-economica-de-la-campana-femepasolidaria-ante-el-covid-19\/","title":{"rendered":"Femepa entrega a C\u00e1ritas la recaudaci\u00f3n econ\u00f3mica de la campa\u00f1a #FemepaSolidaria ante el COVID-19"},"content":{"rendered":"<p>&nbsp;<\/p>\n<p>El secretario general de Femepa, <strong>Juan Carlos Betancor<\/strong>, ha acudido \u2013este jueves- a la sede de C\u00e1ritas Diocesana de Canarias, para hacerle entrega a su director, <strong>Gonzalo Marrero Rodr\u00edguez<\/strong>, de la cantidad recaudada durante la campa\u00f1a #FemepaSolidaria ante el Covid-19, que finalmente ha ascendido a 11.175\u20ac.<\/p>\n<p>Este resultado ha sido posible gracias a la implicaci\u00f3n de las empresas asociadas a Femepa, que han realizado sus aportaciones a trav\u00e9s de las asociaciones a las que pertenecen.<\/p>\n<p>Adem\u00e1s de la donaci\u00f3n econ\u00f3mica, esta acci\u00f3n tambi\u00e9n ha logrado reunir una gran cantidad de alimentos no perecederos y ropa, que han sido entregados con anterioridad a esta instituci\u00f3n, la cual ha visto c\u00f3mo ha aumentado su demanda considerablemente durante esta \u00e9poca de crisis sanitaria: \u201cHemos pasado de atender a 4.000 familias a hacerlo a casi el doble\u201d, ha afirmado Marrero, al tiempo que ha a\u00f1adido: \u201cEs momento de arrimar el hombro, porque las demandas de las familias vulnerables se van a mantener mientras contin\u00fae la situaci\u00f3n actual y sus consecuencias, pues no hay que olvidar que las familias que viv\u00edan de la econom\u00eda sumergida, se han quedado sin ingresos y sin acceso a ning\u00fan recurso p\u00fablico\u201d.<\/p>\n","protected":false},"excerpt":{"rendered":"<p>&nbsp; El secretario general de Femepa, Juan Carlos Betancor, ha acudido \u2013este jueves- a la sede de C\u00e1ritas Diocesana de Canarias, para hacerle entrega a su director, Gonzalo Marrero Rodr\u00edguez, de la cantidad recaudada durante la campa\u00f1a #FemepaSolidaria ante el Covid-19, que finalmente ha ascendido a 11.175\u20ac. Este resultado ha sido posible gracias a la [&hellip;]<\/p>\n","protected":false},"author":4,"featured_media":27990,"comment_status":"closed","ping_status":"closed","sticky":false,"template":"","format":"standard","meta":{"_acf_changed":false,"rs_blank_template":"","rs_page_bg_color":"","slide_template_v7":"","footnotes":""},"categories":[1],"tags":[1652,1500,1653,1654],"class_list":["post-27989","post","type-post","status-publish","format-standard","has-post-thumbnail","hentry","category-sin-categoria","tag-femepasolidaria-ante-el-covid-19","tag-caritas-diocesana-de-canarias","tag-gonzalo-marrero-rodriguez","tag-juan-carlos-betnacor"],"acf":[],"_links":{"self":[{"href":"https:\/\/femepa.org\/web\/wp-json\/wp\/v2\/posts\/27989","targetHints":{"allow":["GET"]}}],"collection":[{"href":"https:\/\/femepa.org\/web\/wp-json\/wp\/v2\/posts"}],"about":[{"href":"https:\/\/femepa.org\/web\/wp-json\/wp\/v2\/types\/post"}],"author":[{"embeddable":true,"href":"https:\/\/femepa.org\/web\/wp-json\/wp\/v2\/users\/4"}],"replies":[{"embeddable":true,"href":"https:\/\/femepa.org\/web\/wp-json\/wp\/v2\/comments?post=27989"}],"version-history":[{"count":0,"href":"https:\/\/femepa.org\/web\/wp-json\/wp\/v2\/posts\/27989\/revisions"}],"wp:featuredmedia":[{"embeddable":true,"href":"https:\/\/femepa.org\/web\/wp-json\/wp\/v2\/media\/27990"}],"wp:attachment":[{"href":"https:\/\/femepa.org\/web\/wp-json\/wp\/v2\/media?parent=27989"}],"wp:term":[{"taxonomy":"category","embeddable":true,"href":"https:\/\/femepa.org\/web\/wp-json\/wp\/v2\/categories?post=27989"},{"taxonomy":"post_tag","embeddable":true,"href":"https:\/\/femepa.org\/web\/wp-json\/wp\/v2\/tags?post=27989"}],"curies":[{"name":"wp","href":"https:\/\/api.w.org\/{rel}","templated":true}]}}