{"id":28009,"date":"2020-07-21T22:38:32","date_gmt":"2020-07-21T22:38:32","guid":{"rendered":"https:\/\/femepa.org\/web\/?p=28009"},"modified":"2020-07-21T22:38:32","modified_gmt":"2020-07-21T22:38:32","slug":"lanzamiento-de-las-jornadas-canagua-energia","status":"publish","type":"post","link":"https:\/\/femepa.org\/web\/lanzamiento-de-las-jornadas-canagua-energia\/","title":{"rendered":"Lanzamiento de las Jornadas Canagua &#038; Energ\u00eda"},"content":{"rendered":"<p>&nbsp;<\/p>\n<p>Este a\u00f1o llegan a la Instituci\u00f3n Ferial de Canarias (INFECAR) las\u00a0<strong>Jornadas Canagua &amp; Energ\u00eda<\/strong>, unas jornadas promovidas por el Cabildo de Gran Canaria, relacionadas con el sector del Agua y las Energ\u00edas Renovables las cuales tendr\u00e1n un car\u00e1cter h\u00edbrido, con asistencia presencial con aforo limitado en INFECAR o bien asistencia online.<\/p>\n<p>Si quieres ahorrar en tu negocio con energ\u00eda fotovoltaica, no te pierdas la\u00a0<strong>1\u00aa Jornada Canagua &amp; Energ\u00eda<\/strong>\u00a0el pr\u00f3ximo mi\u00e9rcoles\u00a0<strong>22 de julio a las 17.00 horas<\/strong>\u00a0en la Sala Canarias de INFECAR, donde daremos a conocer las condiciones para acogerse a la subvenci\u00f3n para el fomento de instalaciones de energ\u00eda fotovoltaica en pymes y entidades sin \u00e1nimo de lucro. Una ayuda impulsada por el Consejo Insular de la Energ\u00eda de Gran Canaria y el Cabildo de Gran Canaria.<\/p>\n<p style=\"font-weight: 400;\">La finalidad de esta convocatoria es la de fomentar el autoconsumo el\u00e9ctrico a trav\u00e9s de la instalaci\u00f3n de energ\u00eda solar fotovoltaica.<\/p>\n<p style=\"font-weight: 400;\"><strong>Jos\u00e9 Juan Socas \u00c1lamo<\/strong>&#8211; Presidente de CECAPYME,\u00a0<strong>Ra\u00fal Garc\u00eda Brink<\/strong>&#8211; Coordinador t\u00e9cnico de Desarrollo Econ\u00f3mico, Soberan\u00eda Energ\u00e9tica, Clima y Conocimiento de Cabildo de Gran Canaria y\u00a0<strong>Alexis Lozano Medina<\/strong>&#8211; Responsable T\u00e9cnico del Consejo Insular de la Energ\u00eda nos dar\u00e1n las claves para ahorrar en tu negocio con energ\u00eda fotovoltaica.<\/p>\n<p style=\"font-weight: 400;\">\u00a1No te pierdas esta primera jornada promovida por el Cabildo de Gran Canaria donde los ponentes resolver\u00e1n todas tus dudas e inscr\u00edbete ya\u00a0<a href=\"https:\/\/app.livestorm.co\/infecar-1\/canagua-energia-fotovoltaica\" target=\"_blank\" rel=\"noopener noreferrer\">aqu\u00ed<\/a>!<\/p>\n<p style=\"font-weight: 400;\"><strong>Recuerda que puedes participar de forma presencial, con aforo limitado, u online.\u00a0<\/strong><\/p>\n<p><img fetchpriority=\"high\" decoding=\"async\" class=\"aligncenter wp-image-28010 size-medium\" src=\"https:\/\/femepa.org\/web\/wp-content\/uploads\/2020\/07\/Canagua-295x300.png\" alt=\"\" width=\"295\" height=\"300\" srcset=\"https:\/\/femepa.org\/web\/wp-content\/uploads\/2020\/07\/Canagua-295x300.png 295w, https:\/\/femepa.org\/web\/wp-content\/uploads\/2020\/07\/Canagua-768x780.png 768w, https:\/\/femepa.org\/web\/wp-content\/uploads\/2020\/07\/Canagua-600x610.png 600w, https:\/\/femepa.org\/web\/wp-content\/uploads\/2020\/07\/Canagua.png 883w\" sizes=\"(max-width: 295px) 100vw, 295px\" \/><\/p>\n","protected":false},"excerpt":{"rendered":"<p>&nbsp; Este a\u00f1o llegan a la Instituci\u00f3n Ferial de Canarias (INFECAR) las\u00a0Jornadas Canagua &amp; Energ\u00eda, unas jornadas promovidas por el Cabildo de Gran Canaria, relacionadas con el sector del Agua y las Energ\u00edas Renovables las cuales tendr\u00e1n un car\u00e1cter h\u00edbrido, con asistencia presencial con aforo limitado en INFECAR o bien asistencia online. Si quieres ahorrar [&hellip;]<\/p>\n","protected":false},"author":4,"featured_media":28011,"comment_status":"closed","ping_status":"closed","sticky":false,"template":"","format":"standard","meta":{"_acf_changed":false,"rs_blank_template":"","rs_page_bg_color":"","slide_template_v7":"","footnotes":""},"categories":[1],"tags":[1660,636,1661,487,116,148],"class_list":["post-28009","post","type-post","status-publish","format-standard","has-post-thumbnail","hentry","category-sin-categoria","tag-agua","tag-cabildo-de-gran-canaria","tag-canagua-energia","tag-energias-renovables","tag-infecar","tag-jornadas"],"acf":[],"_links":{"self":[{"href":"https:\/\/femepa.org\/web\/wp-json\/wp\/v2\/posts\/28009","targetHints":{"allow":["GET"]}}],"collection":[{"href":"https:\/\/femepa.org\/web\/wp-json\/wp\/v2\/posts"}],"about":[{"href":"https:\/\/femepa.org\/web\/wp-json\/wp\/v2\/types\/post"}],"author":[{"embeddable":true,"href":"https:\/\/femepa.org\/web\/wp-json\/wp\/v2\/users\/4"}],"replies":[{"embeddable":true,"href":"https:\/\/femepa.org\/web\/wp-json\/wp\/v2\/comments?post=28009"}],"version-history":[{"count":0,"href":"https:\/\/femepa.org\/web\/wp-json\/wp\/v2\/posts\/28009\/revisions"}],"wp:featuredmedia":[{"embeddable":true,"href":"https:\/\/femepa.org\/web\/wp-json\/wp\/v2\/media\/28011"}],"wp:attachment":[{"href":"https:\/\/femepa.org\/web\/wp-json\/wp\/v2\/media?parent=28009"}],"wp:term":[{"taxonomy":"category","embeddable":true,"href":"https:\/\/femepa.org\/web\/wp-json\/wp\/v2\/categories?post=28009"},{"taxonomy":"post_tag","embeddable":true,"href":"https:\/\/femepa.org\/web\/wp-json\/wp\/v2\/tags?post=28009"}],"curies":[{"name":"wp","href":"https:\/\/api.w.org\/{rel}","templated":true}]}}