{"id":28056,"date":"2020-07-28T08:29:13","date_gmt":"2020-07-28T08:29:13","guid":{"rendered":"https:\/\/femepa.org\/web\/?p=28056"},"modified":"2020-07-28T08:29:13","modified_gmt":"2020-07-28T08:29:13","slug":"la-cce-presenta-el-informe-anual-de-la-economia-canaria","status":"publish","type":"post","link":"https:\/\/femepa.org\/web\/la-cce-presenta-el-informe-anual-de-la-economia-canaria\/","title":{"rendered":"La CCE presenta el Informe Anual de la Econom\u00eda Canaria"},"content":{"rendered":"<p>&nbsp;<\/p>\n<p>El presidente de la Confederaci\u00f3n Canaria de Empresarios, <strong>Agust\u00edn Manrique de Lara, <\/strong>y el secretario general, <strong>Jos\u00e9 Crist\u00f3bal Garc\u00eda<\/strong>, presentaron -este martes- ante los medios de comunicaci\u00f3n el Informe Anual de la Econom\u00eda Canaria 2019, un trabajo elaborado por los servicios t\u00e9cnicos de la CCE con la coordinaci\u00f3n del secretario general.<\/p>\n<p>Durante la presentaci\u00f3n, se analiz\u00f3 el escenario que describi\u00f3 la econom\u00eda canaria durante 2019, donde ya mostraba s\u00edntomas claros de desaceleraci\u00f3n, y tambi\u00e9n se hizo un recorrido por aquellas caracter\u00edsticas que han conferido a Canarias condiciones menos favorables para afrontar la crisis derivada por la pandemia causada por el COVID-19.<\/p>\n<p>En su intervenci\u00f3n, el presidente de la CCE y el secretario general de la confederaci\u00f3n analizaron las diferentes medidas que se han puesto en marcha para reactivar la econom\u00eda, as\u00ed como remarcaron la necesidad de dise\u00f1ar un plan de recuperaci\u00f3n con medidas adaptadas a la realidad de la econom\u00eda canaria.<\/p>\n<p>Para acceder a los contenidos completos del informe (indicadores, conclusiones y anexos) se debe pinchar en el siguiente enlace: <a href=\"https:\/\/www.ccelpa.org\/informe-anual\/IA2019\/InformeAnual2019.html\" target=\"_blank\" rel=\"noopener noreferrer\">https:\/\/www.ccelpa.org\/informe-anual\/IA2019\/InformeAnual2019.html<\/a><\/p>\n<p><iframe title=\"Rueda de prensa para la presentaci\u00f3n del Informe Anual 2019\" width=\"500\" height=\"281\" src=\"https:\/\/www.youtube.com\/embed\/N6h7b5al6j4?feature=oembed\" frameborder=\"0\" allow=\"accelerometer; autoplay; clipboard-write; encrypted-media; gyroscope; picture-in-picture; web-share\" referrerpolicy=\"strict-origin-when-cross-origin\" allowfullscreen><\/iframe><\/p>\n","protected":false},"excerpt":{"rendered":"<p>&nbsp; El presidente de la Confederaci\u00f3n Canaria de Empresarios, Agust\u00edn Manrique de Lara, y el secretario general, Jos\u00e9 Crist\u00f3bal Garc\u00eda, presentaron -este martes- ante los medios de comunicaci\u00f3n el Informe Anual de la Econom\u00eda Canaria 2019, un trabajo elaborado por los servicios t\u00e9cnicos de la CCE con la coordinaci\u00f3n del secretario general. Durante la presentaci\u00f3n, [&hellip;]<\/p>\n","protected":false},"author":4,"featured_media":28059,"comment_status":"closed","ping_status":"closed","sticky":false,"template":"","format":"standard","meta":{"_acf_changed":false,"rs_blank_template":"","rs_page_bg_color":"","slide_template_v7":"","footnotes":""},"categories":[1],"tags":[],"class_list":["post-28056","post","type-post","status-publish","format-standard","has-post-thumbnail","hentry","category-sin-categoria"],"acf":[],"_links":{"self":[{"href":"https:\/\/femepa.org\/web\/wp-json\/wp\/v2\/posts\/28056","targetHints":{"allow":["GET"]}}],"collection":[{"href":"https:\/\/femepa.org\/web\/wp-json\/wp\/v2\/posts"}],"about":[{"href":"https:\/\/femepa.org\/web\/wp-json\/wp\/v2\/types\/post"}],"author":[{"embeddable":true,"href":"https:\/\/femepa.org\/web\/wp-json\/wp\/v2\/users\/4"}],"replies":[{"embeddable":true,"href":"https:\/\/femepa.org\/web\/wp-json\/wp\/v2\/comments?post=28056"}],"version-history":[{"count":0,"href":"https:\/\/femepa.org\/web\/wp-json\/wp\/v2\/posts\/28056\/revisions"}],"wp:featuredmedia":[{"embeddable":true,"href":"https:\/\/femepa.org\/web\/wp-json\/wp\/v2\/media\/28059"}],"wp:attachment":[{"href":"https:\/\/femepa.org\/web\/wp-json\/wp\/v2\/media?parent=28056"}],"wp:term":[{"taxonomy":"category","embeddable":true,"href":"https:\/\/femepa.org\/web\/wp-json\/wp\/v2\/categories?post=28056"},{"taxonomy":"post_tag","embeddable":true,"href":"https:\/\/femepa.org\/web\/wp-json\/wp\/v2\/tags?post=28056"}],"curies":[{"name":"wp","href":"https:\/\/api.w.org\/{rel}","templated":true}]}}