{"id":28068,"date":"2020-07-30T07:14:52","date_gmt":"2020-07-30T07:14:52","guid":{"rendered":"https:\/\/femepa.org\/web\/?p=28068"},"modified":"2020-07-30T07:14:52","modified_gmt":"2020-07-30T07:14:52","slug":"victor-quevedo-sabia-que-en-el-sector-de-los-ascensores-habia-trabajo-y-que-se-necesitaba-esta-titulacion","status":"publish","type":"post","link":"https:\/\/femepa.org\/web\/victor-quevedo-sabia-que-en-el-sector-de-los-ascensores-habia-trabajo-y-que-se-necesitaba-esta-titulacion\/","title":{"rendered":"V\u00edctor Quevedo: \u201cSab\u00eda que en el sector de los ascensores hab\u00eda trabajo y que se necesitaba esta titulaci\u00f3n\u201d"},"content":{"rendered":"<p>&nbsp;<\/p>\n<p style=\"text-align: center;\"><strong>Conseguir empleo en la \u2018nueva normalidad\u2019 no es tarea f\u00e1cil, pero un alumno de Femepa lo ha logrado tras realizar las pr\u00e1cticas en \u2018EC Ascensores\u2019<\/strong><\/p>\n<p>Al apuntarse al curso de \u201cInstalaci\u00f3n y mantenimiento de ascensores y otros equipos fijos de elevaci\u00f3n\u201d de Femepa, el palmense <strong>V\u00edctor Quevedo<\/strong>, de 32 a\u00f1os, no sab\u00eda que con \u00e9l encontrar\u00eda una oportunidad de trabajo muy interesante. Y es que, aunque era conocedor de la prosperidad laboral del sector, no pensaba que esta opci\u00f3n llegar\u00eda tan pronto.<\/p>\n<p>Adem\u00e1s, Quevedo ha obtenido esta titulaci\u00f3n, a la par que cursaba el ciclo formativo de grado medio de Electromec\u00e1nica y despu\u00e9s de haber realizado la formaci\u00f3n, tambi\u00e9n en Femepa, en Soldadura de electrodo revestido y TIG. Su \u00e9xito, por tanto, no es fruto de la suerte, sino de haberse cualificado a conciencia para lograr su objetivo laboral.<\/p>\n<p>Quevedo recuerda ahora las vicisitudes con las que ha tenido que lidiar durante los \u00faltimos meses, ya que empez\u00f3 a estudiar en modalidad presencial y, \u201ca los dos meses, lo tuvimos que hacer todo por teleformaci\u00f3n, aunque no me cost\u00f3 mucho adaptarme, porque tengo destrezas inform\u00e1ticas y desde Femepa nos lo pusieron todo muy f\u00e1cil\u201d.<\/p>\n<p>Ya en la \u2018nueva normalidad\u2019, ha podido realizar las 80 horas del m\u00f3dulo de FCT (Formaci\u00f3n en Centro de Trabajo) en la empresa \u2018EC Ascensores\u2019, donde agradece a su tutor, el encargado <strong>Carlos Pereira<\/strong>, todo lo que le ha ense\u00f1ado: \u201cAprend\u00ed much\u00edsimo con \u00e9l, porque coincidi\u00f3 que estaba montando un ascensor, por lo que pude ver bastante de montaje, pero tambi\u00e9n de mantenimiento y aver\u00edas\u201d. Pereira, por su parte, ha afirmado que est\u00e1n \u201cmuy contentos con V\u00edctor, al que s\u00f3lo le falta ir cogiendo experiencia en el d\u00eda a d\u00eda\u201d.<\/p>\n<p>En estos momentos, la Agencia de Colocaci\u00f3n de Femepa est\u00e1 asesorando a \u2018EC Ascensores&#8217; sobre los diferentes incentivos a la contrataci\u00f3n a los que se podr\u00edan acoger con esta incorporaci\u00f3n, que ya es una realidad.<\/p>\n<p>&nbsp;<\/p>\n<p>&nbsp;<\/p>\n<p>&nbsp;<\/p>\n","protected":false},"excerpt":{"rendered":"<p>&nbsp; Conseguir empleo en la \u2018nueva normalidad\u2019 no es tarea f\u00e1cil, pero un alumno de Femepa lo ha logrado tras realizar las pr\u00e1cticas en \u2018EC Ascensores\u2019 Al apuntarse al curso de \u201cInstalaci\u00f3n y mantenimiento de ascensores y otros equipos fijos de elevaci\u00f3n\u201d de Femepa, el palmense V\u00edctor Quevedo, de 32 a\u00f1os, no sab\u00eda que con [&hellip;]<\/p>\n","protected":false},"author":4,"featured_media":28069,"comment_status":"closed","ping_status":"closed","sticky":false,"template":"","format":"standard","meta":{"_acf_changed":false,"rs_blank_template":"","rs_page_bg_color":"","slide_template_v7":"","footnotes":""},"categories":[1],"tags":[1680,1681,1682,64,1683,1684],"class_list":["post-28068","post","type-post","status-publish","format-standard","has-post-thumbnail","hentry","category-sin-categoria","tag-carlos-pereira","tag-ec-ascensores","tag-fct","tag-femepa","tag-formacion-en-centro-de-trabajo","tag-victor-quevedo"],"acf":[],"_links":{"self":[{"href":"https:\/\/femepa.org\/web\/wp-json\/wp\/v2\/posts\/28068","targetHints":{"allow":["GET"]}}],"collection":[{"href":"https:\/\/femepa.org\/web\/wp-json\/wp\/v2\/posts"}],"about":[{"href":"https:\/\/femepa.org\/web\/wp-json\/wp\/v2\/types\/post"}],"author":[{"embeddable":true,"href":"https:\/\/femepa.org\/web\/wp-json\/wp\/v2\/users\/4"}],"replies":[{"embeddable":true,"href":"https:\/\/femepa.org\/web\/wp-json\/wp\/v2\/comments?post=28068"}],"version-history":[{"count":0,"href":"https:\/\/femepa.org\/web\/wp-json\/wp\/v2\/posts\/28068\/revisions"}],"wp:featuredmedia":[{"embeddable":true,"href":"https:\/\/femepa.org\/web\/wp-json\/wp\/v2\/media\/28069"}],"wp:attachment":[{"href":"https:\/\/femepa.org\/web\/wp-json\/wp\/v2\/media?parent=28068"}],"wp:term":[{"taxonomy":"category","embeddable":true,"href":"https:\/\/femepa.org\/web\/wp-json\/wp\/v2\/categories?post=28068"},{"taxonomy":"post_tag","embeddable":true,"href":"https:\/\/femepa.org\/web\/wp-json\/wp\/v2\/tags?post=28068"}],"curies":[{"name":"wp","href":"https:\/\/api.w.org\/{rel}","templated":true}]}}