{"id":28129,"date":"2020-07-29T22:41:29","date_gmt":"2020-07-29T22:41:29","guid":{"rendered":"https:\/\/femepa.org\/web\/?p=28129"},"modified":"2020-07-29T22:41:29","modified_gmt":"2020-07-29T22:41:29","slug":"aemoto-presenta-al-concejal-de-movilidad-del-ayuntamiento-de-las-palmas-de-gran-canaria-sus-nuevos-estatutos-y-propuestas","status":"publish","type":"post","link":"https:\/\/femepa.org\/web\/aemoto-presenta-al-concejal-de-movilidad-del-ayuntamiento-de-las-palmas-de-gran-canaria-sus-nuevos-estatutos-y-propuestas\/","title":{"rendered":"AEMOTO presenta al concejal de Movilidad del Ayuntamiento de Las Palmas de Gran Canaria sus nuevos estatutos y propuestas"},"content":{"rendered":"<p>&nbsp;<\/p>\n<p>El presidente y secretario t\u00e9cnico de la Asociaci\u00f3n de Empresarios de la Moto de Las Palmas (AEMOTO), <strong>Manuel Marrero <\/strong>y <strong>Arecio Vega<\/strong>, respectivamente, se han reunido \u2013este mi\u00e9rcoles- con el concejal de Movilidad del Ayuntamiento de Las Palmas de Gran Canaria, <strong>Jos\u00e9 Eduardo Ram\u00edrez<\/strong>, para presentarle el borrador con sus nuevos estatutos y algunas propuestas que van cogiendo forma.<\/p>\n<p>En este sentido, la primera novedad del borrador es la inclusi\u00f3n de otras modalidades de movilidad, ya que se pretende que las actividades profesionales relativas a las bicicletas y veh\u00edculos de movilidad personal (VMP) est\u00e9n integradas en AEMOTO.<\/p>\n<p>Por otro lado, se ha tratado el estado de la petici\u00f3n de exenci\u00f3n de la primera tasa municipal al comprar motos nuevas durante los a\u00f1os 2020 y 2021, la cual est\u00e1 en fase de revisi\u00f3n por parte del departamento correspondiente del consistorio, que espera que sea una realidad a partir de 2021.<\/p>\n<p>Asimismo, se ha puesto sobre la mesa el incremento de parking de motos con car\u00e1cter anual, proponi\u00e9ndose el aumento de 200 nuevas plazas \u2013debidamente localizadas- durante 2020, con especial atenci\u00f3n a las zonas que est\u00e1n cerca de locales relacionados con este sector; las previas a paso de peatones, facilitando con ello la visibilidad del viandante; o pr\u00f3xima a zonas comerciales y de gestiones de este tipo.<\/p>\n<p>Con respecto a la celebraci\u00f3n, en su caso, de la <strong>Semana Europea de la Movilidad<\/strong>, a la que AEMOTO se va a adherir, se efect\u00faan varias peticiones, entre las que destaca generar circuitos para hacer pr\u00e1cticas con bicicletas y VMP. Y, en el caso de la edici\u00f3n 2021 de la <strong>Feria LPA Motown<\/strong>, no s\u00f3lo se confirman las fechas (del 18 al 20 de junio de 2021), sino que el concejal reitera su apoyo para su realizaci\u00f3n. Tambi\u00e9n se ha preguntado por el estado de la <strong>Ciudad de la Movilidad<\/strong>, cuya viabilidad se est\u00e1 estudiando, y la pr\u00f3xima cita con la <strong>Mesa de la Moto<\/strong>, que tendr\u00e1 lugar en septiembre de 2020.<\/p>\n<p>Por \u00faltimo, se ha planteado un convenio para la impartici\u00f3n de acciones formativas en colegios e institutos, con el objetivo de concienciar en materia de seguridad vial, y la regulaci\u00f3n de la Moto de Alquiler en la capital grancanaria, ya que ocasiona problemas de aparcamiento.<\/p>\n<p>&nbsp;<\/p>\n","protected":false},"excerpt":{"rendered":"<p>&nbsp; El presidente y secretario t\u00e9cnico de la Asociaci\u00f3n de Empresarios de la Moto de Las Palmas (AEMOTO), Manuel Marrero y Arecio Vega, respectivamente, se han reunido \u2013este mi\u00e9rcoles- con el concejal de Movilidad del Ayuntamiento de Las Palmas de Gran Canaria, Jos\u00e9 Eduardo Ram\u00edrez, para presentarle el borrador con sus nuevos estatutos y algunas [&hellip;]<\/p>\n","protected":false},"author":4,"featured_media":28130,"comment_status":"closed","ping_status":"closed","sticky":false,"template":"","format":"standard","meta":{"_acf_changed":false,"rs_blank_template":"","rs_page_bg_color":"","slide_template_v7":"","footnotes":""},"categories":[1],"tags":[407,1103,1351,1685,1686,1117,67,1085,1687,68,69,1472,1688,1689],"class_list":["post-28129","post","type-post","status-publish","format-standard","has-post-thumbnail","hentry","category-sin-categoria","tag-aemoto","tag-arecio-vega","tag-ayuntamiento-de-las-palmas-de-gran-canaria","tag-bicicletas","tag-ciudad-de-la-movilidad","tag-jose-eduardo-ramirez","tag-lpa-motown","tag-manuel-marrero","tag-mesa-de-la-moto","tag-moto","tag-movilidad","tag-semana-europea-de-la-movilidad","tag-vehiculos-de-movilidad-personal","tag-vmp"],"acf":[],"_links":{"self":[{"href":"https:\/\/femepa.org\/web\/wp-json\/wp\/v2\/posts\/28129","targetHints":{"allow":["GET"]}}],"collection":[{"href":"https:\/\/femepa.org\/web\/wp-json\/wp\/v2\/posts"}],"about":[{"href":"https:\/\/femepa.org\/web\/wp-json\/wp\/v2\/types\/post"}],"author":[{"embeddable":true,"href":"https:\/\/femepa.org\/web\/wp-json\/wp\/v2\/users\/4"}],"replies":[{"embeddable":true,"href":"https:\/\/femepa.org\/web\/wp-json\/wp\/v2\/comments?post=28129"}],"version-history":[{"count":0,"href":"https:\/\/femepa.org\/web\/wp-json\/wp\/v2\/posts\/28129\/revisions"}],"wp:featuredmedia":[{"embeddable":true,"href":"https:\/\/femepa.org\/web\/wp-json\/wp\/v2\/media\/28130"}],"wp:attachment":[{"href":"https:\/\/femepa.org\/web\/wp-json\/wp\/v2\/media?parent=28129"}],"wp:term":[{"taxonomy":"category","embeddable":true,"href":"https:\/\/femepa.org\/web\/wp-json\/wp\/v2\/categories?post=28129"},{"taxonomy":"post_tag","embeddable":true,"href":"https:\/\/femepa.org\/web\/wp-json\/wp\/v2\/tags?post=28129"}],"curies":[{"name":"wp","href":"https:\/\/api.w.org\/{rel}","templated":true}]}}