{"id":28142,"date":"2020-07-31T23:34:10","date_gmt":"2020-07-31T23:34:10","guid":{"rendered":"https:\/\/femepa.org\/web\/?p=28142"},"modified":"2020-07-31T23:34:10","modified_gmt":"2020-07-31T23:34:10","slug":"acemad-amplia-su-ambito-geografico-de-provincial-a-regional","status":"publish","type":"post","link":"https:\/\/femepa.org\/web\/acemad-amplia-su-ambito-geografico-de-provincial-a-regional\/","title":{"rendered":"ACEMAD ampl\u00eda su \u00e1mbito geogr\u00e1fico de provincial a regional"},"content":{"rendered":"<div><\/div>\n<div><\/div>\n<div>La Asociaci\u00f3n Canaria de Empresas de Servicios de Asistencia a Domicilio (ACEMAD) ha celebrado \u2013este viernes- su asamblea general ordinaria y extraordinaria en la sala de juntas de Femepa, en Le\u00f3n y Castillo, 89.<\/div>\n<div><\/div>\n<div>En este sentido, se aprob\u00f3 la modificaci\u00f3n parcial de los estatutos; as\u00ed como se ampli\u00f3 el \u00e1mbito geogr\u00e1fico de actuaci\u00f3n, pasando de provincial a regional.<\/div>\n<div><\/div>\n<div>Por otro lado, se plante\u00f3 la propuesta formativa que se llevar\u00e1 a cabo durante los pr\u00f3ximos meses, al tiempo que se habl\u00f3 de la promoci\u00f3n que se pretende desarrollar para dar a conocer a este colectivo de reciente creaci\u00f3n.<\/div>\n","protected":false},"excerpt":{"rendered":"<p>La Asociaci\u00f3n Canaria de Empresas de Servicios de Asistencia a Domicilio (ACEMAD) ha celebrado \u2013este viernes- su asamblea general ordinaria y extraordinaria en la sala de juntas de Femepa, en Le\u00f3n y Castillo, 89. En este sentido, se aprob\u00f3 la modificaci\u00f3n parcial de los estatutos; as\u00ed como se ampli\u00f3 el \u00e1mbito geogr\u00e1fico de actuaci\u00f3n, pasando [&hellip;]<\/p>\n","protected":false},"author":4,"featured_media":28143,"comment_status":"closed","ping_status":"closed","sticky":false,"template":"","format":"standard","meta":{"_acf_changed":false,"rs_blank_template":"","rs_page_bg_color":"","slide_template_v7":"","footnotes":""},"categories":[1],"tags":[1695,1696,1697],"class_list":["post-28142","post","type-post","status-publish","format-standard","has-post-thumbnail","hentry","category-sin-categoria","tag-acemad","tag-asistencia-a-domicilio","tag-servicios"],"acf":[],"_links":{"self":[{"href":"https:\/\/femepa.org\/web\/wp-json\/wp\/v2\/posts\/28142","targetHints":{"allow":["GET"]}}],"collection":[{"href":"https:\/\/femepa.org\/web\/wp-json\/wp\/v2\/posts"}],"about":[{"href":"https:\/\/femepa.org\/web\/wp-json\/wp\/v2\/types\/post"}],"author":[{"embeddable":true,"href":"https:\/\/femepa.org\/web\/wp-json\/wp\/v2\/users\/4"}],"replies":[{"embeddable":true,"href":"https:\/\/femepa.org\/web\/wp-json\/wp\/v2\/comments?post=28142"}],"version-history":[{"count":0,"href":"https:\/\/femepa.org\/web\/wp-json\/wp\/v2\/posts\/28142\/revisions"}],"wp:featuredmedia":[{"embeddable":true,"href":"https:\/\/femepa.org\/web\/wp-json\/wp\/v2\/media\/28143"}],"wp:attachment":[{"href":"https:\/\/femepa.org\/web\/wp-json\/wp\/v2\/media?parent=28142"}],"wp:term":[{"taxonomy":"category","embeddable":true,"href":"https:\/\/femepa.org\/web\/wp-json\/wp\/v2\/categories?post=28142"},{"taxonomy":"post_tag","embeddable":true,"href":"https:\/\/femepa.org\/web\/wp-json\/wp\/v2\/tags?post=28142"}],"curies":[{"name":"wp","href":"https:\/\/api.w.org\/{rel}","templated":true}]}}