{"id":28433,"date":"2020-08-05T21:18:01","date_gmt":"2020-08-05T21:18:01","guid":{"rendered":"https:\/\/femepa.org\/web\/?p=28433"},"modified":"2020-08-05T21:18:01","modified_gmt":"2020-08-05T21:18:01","slug":"encuentro-entre-femepa-y-proexca-para-el-seguimiento-del-proyecto-confiafri2","status":"publish","type":"post","link":"https:\/\/femepa.org\/web\/encuentro-entre-femepa-y-proexca-para-el-seguimiento-del-proyecto-confiafri2\/","title":{"rendered":"Encuentro entre Femepa y PROEXCA para el seguimiento del proyecto Confi\u00c1fri2."},"content":{"rendered":"<p>&nbsp;<\/p>\n<p style=\"text-align: justify;\">El pasado jueves 30 de julio, miembros del Dpto de Innovaci\u00f3n, Internacionalizaci\u00f3n y RSC de Femepa mantuvieron una reuni\u00f3n con el dinamizador de negocios Internacionales y Representante de PROEXCA en Senegal, Jos\u00e9 Antonio Delgaldo Guanche, para conocer de primera mano la situaci\u00f3n del proyecto ConfiAfri2, del programa INTERREG MAC 2014-2020, en concreto sobre las acciones que se van a llevar a cabo en Senegal.<\/p>\n<p style=\"text-align: justify;\">Durante la reuni\u00f3n se habl\u00f3 sobre las posibilidades de concertaci\u00f3n con los fondos FED-FEDER del proyecto HEXAGONE de la Direcci\u00f3n General de Asuntos Econ\u00f3micos con \u00c1frica, as\u00ed como de la coordinaci\u00f3n con las Delegaciones de la Uni\u00f3n Europea (DUE) en estos pa\u00edses, y, as\u00ed, buscar una posible captaci\u00f3n de fondos para la continuaci\u00f3n de algunos de los proyectos.<\/p>\n<p style=\"text-align: justify;\">ConfiAfri2 es un proyecto de cooperaci\u00f3n internacional enmarcado dentro del programa INTERREG-MAC 2014-2020, cofinanciado al 85% por FEDER, en el que Femepa es el beneficiario principal y que da continuidad al proyecto Confi\u00c1frica.<\/p>\n<p style=\"text-align: justify;\">En el proyecto participan ocho socios: \u00a0C\u00e1mara de Comercio de Santa Cruz de Tenerife; C\u00e1mara de Comercio de Gran Canaria; Casa \u00c1frica; Femete; C\u00e1mara de Comercio, Industria y Agricultura de Mauritania; C\u00e1mara Comercial de Industria y Agricultura de Dakar; y C\u00e1mara de Comercio de Barlovento de Cabo Verde.<\/p>\n<p style=\"text-align: justify;\">El objetivo del proyecto es aumentar el nivel de conocimiento sobre las necesidades formativas en \u00c1frica y el inter\u00e9s de las empresas canarias en el continente, a trav\u00e9s de distintas actividades, como la realizaci\u00f3n de jornadas para despertar en inter\u00e9s de las empresas canarias que desean invertir en \u00c1frica, promoviendo el conocimiento mutuo y las oportunidades de negocio o la elaboraci\u00f3n de v\u00eddeos, infograf\u00edas y gu\u00edas sobre la realidad africana que ayuden al empresariado a conocer la forma de trabajar y los aspectos t\u00e9cnicos a tener en cuenta para iniciar una actividad empresarial en estos pa\u00edses.<\/p>\n","protected":false},"excerpt":{"rendered":"<p>&nbsp; El pasado jueves 30 de julio, miembros del Dpto de Innovaci\u00f3n, Internacionalizaci\u00f3n y RSC de Femepa mantuvieron una reuni\u00f3n con el dinamizador de negocios Internacionales y Representante de PROEXCA en Senegal, Jos\u00e9 Antonio Delgaldo Guanche, para conocer de primera mano la situaci\u00f3n del proyecto ConfiAfri2, del programa INTERREG MAC 2014-2020, en concreto sobre las [&hellip;]<\/p>\n","protected":false},"author":4,"featured_media":28270,"comment_status":"closed","ping_status":"closed","sticky":false,"template":"","format":"standard","meta":{"_acf_changed":false,"rs_blank_template":"","rs_page_bg_color":"","slide_template_v7":"","footnotes":""},"categories":[1],"tags":[734,950,1706,1707,710,917,567],"class_list":["post-28433","post","type-post","status-publish","format-standard","has-post-thumbnail","hentry","category-sin-categoria","tag-camara-de-comercio","tag-confiafri2","tag-due","tag-fer-feder","tag-hexagone","tag-interreg-mac-2014-2020","tag-proexca"],"acf":[],"_links":{"self":[{"href":"https:\/\/femepa.org\/web\/wp-json\/wp\/v2\/posts\/28433","targetHints":{"allow":["GET"]}}],"collection":[{"href":"https:\/\/femepa.org\/web\/wp-json\/wp\/v2\/posts"}],"about":[{"href":"https:\/\/femepa.org\/web\/wp-json\/wp\/v2\/types\/post"}],"author":[{"embeddable":true,"href":"https:\/\/femepa.org\/web\/wp-json\/wp\/v2\/users\/4"}],"replies":[{"embeddable":true,"href":"https:\/\/femepa.org\/web\/wp-json\/wp\/v2\/comments?post=28433"}],"version-history":[{"count":0,"href":"https:\/\/femepa.org\/web\/wp-json\/wp\/v2\/posts\/28433\/revisions"}],"wp:featuredmedia":[{"embeddable":true,"href":"https:\/\/femepa.org\/web\/wp-json\/wp\/v2\/media\/28270"}],"wp:attachment":[{"href":"https:\/\/femepa.org\/web\/wp-json\/wp\/v2\/media?parent=28433"}],"wp:term":[{"taxonomy":"category","embeddable":true,"href":"https:\/\/femepa.org\/web\/wp-json\/wp\/v2\/categories?post=28433"},{"taxonomy":"post_tag","embeddable":true,"href":"https:\/\/femepa.org\/web\/wp-json\/wp\/v2\/tags?post=28433"}],"curies":[{"name":"wp","href":"https:\/\/api.w.org\/{rel}","templated":true}]}}