{"id":28437,"date":"2020-08-05T21:18:32","date_gmt":"2020-08-05T21:18:32","guid":{"rendered":"https:\/\/femepa.org\/web\/?p=28437"},"modified":"2020-08-05T21:18:32","modified_gmt":"2020-08-05T21:18:32","slug":"aprobado-el-real-decreto-que-regula-la-instalacion-de-contadores-individuales-en-edificios-con-sistemas-de-calefaccion-y-refrigeracion-central","status":"publish","type":"post","link":"https:\/\/femepa.org\/web\/aprobado-el-real-decreto-que-regula-la-instalacion-de-contadores-individuales-en-edificios-con-sistemas-de-calefaccion-y-refrigeracion-central\/","title":{"rendered":"Aprobado el Real Decreto que regula la instalaci\u00f3n de contadores individuales en edificios con sistemas de calefacci\u00f3n y refrigeraci\u00f3n central."},"content":{"rendered":"<p>&nbsp;<\/p>\n<p style=\"font-weight: 400; text-align: justify;\">El Consejo de Ministros, a propuesta del Ministerio para la Transici\u00f3n Ecol\u00f3gica y el Reto Demogr\u00e1fico, ha aprobado un Real Decreto por el que se regula la instalaci\u00f3n de contadores individuales en los edificios con sistemas de calefacci\u00f3n y refrigeraci\u00f3n central. La norma se aprueba en cumplimiento de la normativa de la Uni\u00f3n Europea (UE), que mantiene un procedimiento de infracci\u00f3n contra Espa\u00f1a desde 2015 por no haberla adoptado. Su aplicaci\u00f3n redundar\u00e1 en un menor gasto energ\u00e9tico en las viviendas \u2013con un ahorro medio estimado del 24%\u2013, aumentando la autonom\u00eda de los usuarios para decidir c\u00f3mo optimizar su consumo y mejorar el confort de su vivienda.<\/p>\n<p style=\"font-weight: 400; text-align: justify;\">La normativa ser\u00e1 de aplicaci\u00f3n en edificios con sistemas de calefacci\u00f3n o refrigeraci\u00f3n construidos antes de la aprobaci\u00f3n del Reglamento de Instalaciones T\u00e9rmicas en los Edificios de 1998, ya que todos los edificios construidos posteriormente ya est\u00e1n obligados a instalar dispositivos de contabilizaci\u00f3n individuales. Quedan exentos de la instalaci\u00f3n de contadores individuales los edificios situados en las zonas m\u00e1s c\u00e1lidas del pa\u00eds y los supuestos en los que la inversi\u00f3n no pueda recuperarse en un m\u00e1ximo de cuatro a\u00f1os, a partir de los ahorros que se pueden generar. Adem\u00e1s, los consumidores con la condici\u00f3n de vulnerables podr\u00e1n ser beneficiarios de una ayuda directa para el cumplimiento de esta obligaci\u00f3n, con cargo a los Presupuestos Generales del Estado<\/p>\n<p style=\"font-weight: 400; text-align: justify;\">El Real Decreto fija fechas l\u00edmite para que est\u00e9n activos los dispositivos en los edificios que, en todos los casos, no expiran antes de 2022. No habr\u00e1, por tanto, una obligaci\u00f3n inmediata de adaptar las viviendas de cara al pr\u00f3ximo inverno 2020-2021. Se estima que su aplicaci\u00f3n podr\u00e1 impulsar la creaci\u00f3n de entre 2.000 y 3.00 puestos de trabajo, directos e indirectos, vinculados fundamentalmente a las cerca de 1.500 peque\u00f1as y medias empresas (PYMEs) que cuentan con homologaci\u00f3n para realizar este tipo de instalaciones.<\/p>\n<p style=\"font-weight: 400; text-align: center;\"><b><strong>MEJORA DE LA EFICIENCIA ENERG\u00c9TICA EN LAS CASAS<\/strong><\/b><\/p>\n<p style=\"font-weight: 400; text-align: justify;\">El Real Decreto completa la trasposici\u00f3n de la Directiva 2021\/27\/UE de Eficiencia Energ\u00e9tica, que establece la obligatoriedad de instalar sistemas de contabilizaci\u00f3n individualizada de calefacci\u00f3n, refrigeraci\u00f3n y agua caliente sanitaria. Su principal objetivo es mejorar el rendimiento energ\u00e9tico en edificios, bas\u00e1ndolo en el consumo individual. Con ello, se posibilita que cada usuario del inmueble abone \u00fanicamente la cantidad que consume, lo que le permite adecuar y optimizar el uso que hace de la energ\u00eda, garantizar un confort adecuado, evitar costes innecesarios y rebajar la huella de carbono del edificio.<\/p>\n<p style=\"font-weight: 400; text-align: justify;\">Su instalaci\u00f3n puede suponer un ahorro econ\u00f3mico medio del 24% del gasto total del edificio y, en consecuencia, en la mayor parte de los casos la inversi\u00f3n necesaria para instalar los dispositivos queda recuperada en un plazo inferior a cuatro a\u00f1os. De hecho, el Real Decreto exime de su cumplimiento a aquellos edificios en los que no sea posible esta recuperaci\u00f3n de costes antes de 4 a\u00f1os. De igual modo, quedan exentos de su instalaci\u00f3n los inmuebles ubicados en las zonas clim\u00e1ticas m\u00e1s c\u00e1lidas, zonas \u03b1, A y B definidas en el C\u00f3digo T\u00e9cnico de Edificaci\u00f3n.<\/p>\n<p>M\u00e1s informaci\u00f3n en el siguiente enlace: <\/p>\n","protected":false},"excerpt":{"rendered":"<p>&nbsp; El Consejo de Ministros, a propuesta del Ministerio para la Transici\u00f3n Ecol\u00f3gica y el Reto Demogr\u00e1fico, ha aprobado un Real Decreto por el que se regula la instalaci\u00f3n de contadores individuales en los edificios con sistemas de calefacci\u00f3n y refrigeraci\u00f3n central. La norma se aprueba en cumplimiento de la normativa de la Uni\u00f3n Europea [&hellip;]<\/p>\n","protected":false},"author":4,"featured_media":28438,"comment_status":"closed","ping_status":"closed","sticky":false,"template":"","format":"standard","meta":{"_acf_changed":false,"rs_blank_template":"","rs_page_bg_color":"","slide_template_v7":"","footnotes":""},"categories":[1],"tags":[1708,1709,671,1710,1711],"class_list":["post-28437","post","type-post","status-publish","format-standard","has-post-thumbnail","hentry","category-sin-categoria","tag-aire-acondicionado","tag-calefaccion","tag-eficiencia-energetica","tag-instalacion-contadores-individuales","tag-refrigeracion"],"acf":[],"_links":{"self":[{"href":"https:\/\/femepa.org\/web\/wp-json\/wp\/v2\/posts\/28437","targetHints":{"allow":["GET"]}}],"collection":[{"href":"https:\/\/femepa.org\/web\/wp-json\/wp\/v2\/posts"}],"about":[{"href":"https:\/\/femepa.org\/web\/wp-json\/wp\/v2\/types\/post"}],"author":[{"embeddable":true,"href":"https:\/\/femepa.org\/web\/wp-json\/wp\/v2\/users\/4"}],"replies":[{"embeddable":true,"href":"https:\/\/femepa.org\/web\/wp-json\/wp\/v2\/comments?post=28437"}],"version-history":[{"count":0,"href":"https:\/\/femepa.org\/web\/wp-json\/wp\/v2\/posts\/28437\/revisions"}],"wp:featuredmedia":[{"embeddable":true,"href":"https:\/\/femepa.org\/web\/wp-json\/wp\/v2\/media\/28438"}],"wp:attachment":[{"href":"https:\/\/femepa.org\/web\/wp-json\/wp\/v2\/media?parent=28437"}],"wp:term":[{"taxonomy":"category","embeddable":true,"href":"https:\/\/femepa.org\/web\/wp-json\/wp\/v2\/categories?post=28437"},{"taxonomy":"post_tag","embeddable":true,"href":"https:\/\/femepa.org\/web\/wp-json\/wp\/v2\/tags?post=28437"}],"curies":[{"name":"wp","href":"https:\/\/api.w.org\/{rel}","templated":true}]}}