{"id":28633,"date":"2020-09-03T22:46:28","date_gmt":"2020-09-03T22:46:28","guid":{"rendered":"https:\/\/femepa.org\/web\/?p=28633"},"modified":"2020-09-03T22:46:28","modified_gmt":"2020-09-03T22:46:28","slug":"el-presidente-de-aemoto-clausura-el-curso-de-mantenimiento-de-vehiculos-de-2-y-3-ruedas-en-femepa","status":"publish","type":"post","link":"https:\/\/femepa.org\/web\/el-presidente-de-aemoto-clausura-el-curso-de-mantenimiento-de-vehiculos-de-2-y-3-ruedas-en-femepa\/","title":{"rendered":"El presidente de AEMOTO clausura el curso de \u201cMantenimiento de veh\u00edculos de 2 y 3 ruedas\u201d en Femepa"},"content":{"rendered":"<p>&nbsp;<\/p>\n<p><strong>Manuel Marrero<\/strong>, presidente de la Asociaci\u00f3n de Empresarios de la Moto de Las Palmas (AEMOTO), acudi\u00f3 \u2013este jueves- a las instalaciones formativas de Femepa en El Sebadal, para saludar y felicitar al alumnado del demandado curso de \u201cMantenimiento de veh\u00edculos de 2 y 3 ruedas\u201d, que acaba de concluir.<\/p>\n<p>En este sentido, Marrero aprovech\u00f3 la ocasi\u00f3n para explicar c\u00f3mo ha afrontado el sector el per\u00edodo posterior al confinamiento, asegurando que \u201cha sido un boom para la moto como elemento de movilidad preferente en los momentos que estamos viviendo frente al COVID-19, ya que permite el transporte de personas de forma individual\u201d. Adem\u00e1s, se atrevi\u00f3 a especificar que los modelos m\u00e1s solicitados han sido los peque\u00f1os: \u201cEl 90% de las ventas ha sido de motos de 125cc\u201d, al tiempo que ha resaltado la sorpresa \u201cpor la gran demanda en los talleres\u201d.<\/p>\n<p>No obstante, el presidente de AEMOTO coment\u00f3 que casi todos los concesionarios abrieron en la nueva normalidad con la mitad de su personal, pero que, \u201ca d\u00eda de hoy, y en lo que respecta a los asociados, est\u00e1n funcionando con la totalidad de sus empleados\u201d. Sin duda, unos datos esperanzadores que, unidos a las facilidades de las marcas para incentivar la compra, logran que el sector se mantenga a flote.<\/p>\n<p>Por otro lado, Marrero explic\u00f3 la importancia de estar integrados en Femepa, ya que \u201csupone un respaldo muy importante en las diferentes \u00e1reas en las que se mueven estos negocios\u201d y porque \u201csirve de apoyo a la hora de proponer ideas a las diferentes administraciones\u201d, algunas de las cuales ya est\u00e1n en marcha en Las Palmas de Gran Canaria, como la ampliaci\u00f3n del n\u00famero de aparcamientos. Asimismo, AEMOTO se ha incorporado recientemente a la Mesa de la Movilidad, liderada por Femepa, junto a Fredica, Avivo, Atare y, en breve, Aserpa.<\/p>\n<p>En esta l\u00ednea, quiso aconsejar a los ya profesionales de la moto que, de ser propietarios, lo m\u00e1s importante era \u201crodearse de un buen equipo\u201d e intentar \u201csaber de todos los departamentos del negocio: mec\u00e1nica, venta, seguros, traspasos, etc\u201d.<\/p>\n<p>Por \u00faltimo, Marrero dese\u00f3 \u201cmucha suerte\u201d al alumnado de esta formaci\u00f3n, aseverando que \u201cgracias a estos cursos, el nivel de conocimiento de la moto es bastante elevado\u201d. \u201cLes animo a que sigan form\u00e1ndose\u201d, concluy\u00f3.<\/p>\n<p>&nbsp;<\/p>\n","protected":false},"excerpt":{"rendered":"<p>&nbsp; Manuel Marrero, presidente de la Asociaci\u00f3n de Empresarios de la Moto de Las Palmas (AEMOTO), acudi\u00f3 \u2013este jueves- a las instalaciones formativas de Femepa en El Sebadal, para saludar y felicitar al alumnado del demandado curso de \u201cMantenimiento de veh\u00edculos de 2 y 3 ruedas\u201d, que acaba de concluir. En este sentido, Marrero aprovech\u00f3 [&hellip;]<\/p>\n","protected":false},"author":4,"featured_media":28634,"comment_status":"closed","ping_status":"closed","sticky":false,"template":"","format":"standard","meta":{"_acf_changed":false,"rs_blank_template":"","rs_page_bg_color":"","slide_template_v7":"","footnotes":""},"categories":[1],"tags":[407,521,64,143,1085,68],"class_list":["post-28633","post","type-post","status-publish","format-standard","has-post-thumbnail","hentry","category-sin-categoria","tag-aemoto","tag-el-sebadal","tag-femepa","tag-formacion","tag-manuel-marrero","tag-moto"],"acf":[],"_links":{"self":[{"href":"https:\/\/femepa.org\/web\/wp-json\/wp\/v2\/posts\/28633","targetHints":{"allow":["GET"]}}],"collection":[{"href":"https:\/\/femepa.org\/web\/wp-json\/wp\/v2\/posts"}],"about":[{"href":"https:\/\/femepa.org\/web\/wp-json\/wp\/v2\/types\/post"}],"author":[{"embeddable":true,"href":"https:\/\/femepa.org\/web\/wp-json\/wp\/v2\/users\/4"}],"replies":[{"embeddable":true,"href":"https:\/\/femepa.org\/web\/wp-json\/wp\/v2\/comments?post=28633"}],"version-history":[{"count":0,"href":"https:\/\/femepa.org\/web\/wp-json\/wp\/v2\/posts\/28633\/revisions"}],"wp:featuredmedia":[{"embeddable":true,"href":"https:\/\/femepa.org\/web\/wp-json\/wp\/v2\/media\/28634"}],"wp:attachment":[{"href":"https:\/\/femepa.org\/web\/wp-json\/wp\/v2\/media?parent=28633"}],"wp:term":[{"taxonomy":"category","embeddable":true,"href":"https:\/\/femepa.org\/web\/wp-json\/wp\/v2\/categories?post=28633"},{"taxonomy":"post_tag","embeddable":true,"href":"https:\/\/femepa.org\/web\/wp-json\/wp\/v2\/tags?post=28633"}],"curies":[{"name":"wp","href":"https:\/\/api.w.org\/{rel}","templated":true}]}}