{"id":28776,"date":"2020-09-14T22:37:01","date_gmt":"2020-09-14T22:37:01","guid":{"rendered":"https:\/\/femepa.org\/web\/?p=28776"},"modified":"2020-09-14T22:37:01","modified_gmt":"2020-09-14T22:37:01","slug":"abierto-el-procedimiento-de-concesion-de-subvenciones-para-proyectos-de-internacionalizacion-de-empresas-canarias-canarias-aporta-y-aporta-digital-para-el-ejercicio-2020","status":"publish","type":"post","link":"https:\/\/femepa.org\/web\/abierto-el-procedimiento-de-concesion-de-subvenciones-para-proyectos-de-internacionalizacion-de-empresas-canarias-canarias-aporta-y-aporta-digital-para-el-ejercicio-2020\/","title":{"rendered":"Abierto el procedimiento de concesi\u00f3n de subvenciones para proyectos de internacionalizaci\u00f3n de empresas canarias (Canarias Aporta) y Aporta Digital para el ejercicio 2020"},"content":{"rendered":"<p>&nbsp;<\/p>\n<p style=\"font-weight: 400;\">Informarles que hoy se ha publicado la convocatoria\u00a0de las subvenciones a proyectos internacionalizaci\u00f3n de empresas canarias\u00a0<u>\u201cCanarias Aporta\u00a0y Aporta Digital\u201d\u00a0para el ejercicio 2020<\/u>.<\/p>\n<p style=\"font-weight: 400;\"><strong><u>El plazo de presentaci\u00f3n de solicitudes ser\u00e1 de 30 d\u00edas h\u00e1biles contados a partir del d\u00eda siguiente a la publicaci\u00f3n de este extracto en el Bolet\u00edn Oficial del Canarias.<\/u><\/strong><\/p>\n<p style=\"font-weight: 400;\">Le resumimos los puntos regulados en la convocatoria y bases reguladoras:<\/p>\n<p style=\"font-weight: 400;\"><strong>Finalidad de la subvenci\u00f3n:<\/strong><\/p>\n<p style=\"font-weight: 400;\">Asesoramiento t\u00e9cnico especializado y financiaci\u00f3n a proyectos de expansi\u00f3n empresarial en el exterior de las Islas Canarias, seg\u00fan la siguiente tipolog\u00eda e importes:<\/p>\n<ol style=\"font-weight: 400;\">\n<li>Proyectos Nuevos de Internacionalizaci\u00f3n: 995.696,00 euros.<\/li>\n<li>Proyectos de Consolidaci\u00f3n que hubieran sido beneficiarios en anteriores convocatorias del programa de subvenciones Canarias Aporta: 1.000.000,00 euros.<\/li>\n<li>Proyectos de internacionalizaci\u00f3n digital (digitalizaci\u00f3n y comercio electr\u00f3nico): 677.271,88 euros.<\/li>\n<\/ol>\n<p style=\"font-weight: 400;\"><strong>Beneficiarios:<\/strong><\/p>\n<p style=\"font-weight: 400;\">Las peque\u00f1as y medianas empresas canarias que realicen un proyecto de los indicados en la base sexta. Asimismo, podr\u00e1n acogerse las agrupaciones de peque\u00f1as y medianas empresas canarias constituidas a trav\u00e9s de cualquiera de las formas jur\u00eddicas admitidas por la normativa mercantil vigente. Tambi\u00e9n podr\u00e1n presentarse agrupaciones empresariales sin personalidad jur\u00eddica. Las empresas referidas anteriormente deber\u00e1n contar con, al menos, un a\u00f1o de constituci\u00f3n al momento de presentar la solicitud de subvenci\u00f3n. Esta exigencia ser\u00e1 de aplicaci\u00f3n a las empresas que conforman la agrupaci\u00f3n empresarial, pero no as\u00ed a la estructura agrupada con la que se presentan al programa.<\/p>\n<p style=\"font-weight: 400;\"><strong>Cuant\u00eda:<\/strong><\/p>\n<p style=\"font-weight: 400;\">El importe que se destina a las subvenciones asciende a un total de 2.672.967,68 euros (dos millones seiscientos setenta y dos mil novecientos sesenta y siete euros con sesenta y ocho c\u00e9ntimos). Para la convocatoria 2020, el importe m\u00e1ximo de los gastos subvencionables por proyecto ascender\u00e1 a 120.000 euros respectivamente, siendo el importe m\u00e1ximo de la subvenci\u00f3n el 50% del gasto subvencionable.<\/p>\n<p style=\"font-weight: 400;\"><strong>Proyectos subvencionables:<\/strong><\/p>\n<p style=\"font-weight: 400;\">Ser\u00e1n subvencionables los proyectos dirigidos a la internacionalizaci\u00f3n de las empresas, ya sea facilitando la salida a los mercados exteriores, o consolidando su presencia en los mismos.<\/p>\n<p style=\"font-weight: 400;\">Los proyectos podr\u00e1n ser:<\/p>\n<ol style=\"font-weight: 400;\">\n<li>Proyectos nuevos de internacionalizaci\u00f3n del programa de subvenciones Canarias Aporta.<\/li>\n<li>Proyectos de consolidaci\u00f3n: son los que hubieran sido beneficiarios en anteriores convocatorias del programa de subvenciones Canarias Aporta.<\/li>\n<li>Proyectos Aporta Digital: son los proyectos de digitalizaci\u00f3n y comercio electr\u00f3nico en sentido amplio.<\/li>\n<\/ol>\n<p style=\"font-weight: 400;\">Las empresas individuales o en agrupaci\u00f3n podr\u00e1n concurrir para ser empresas beneficiarias de Canarias Aporta, en una primera convocatoria como proyecto nuevo, y dos convocatorias adicionales como proyectos de consolidaci\u00f3n.<\/p>\n<p style=\"font-weight: 400;\"><strong>Inicio de plazo de realizaci\u00f3n de la actividad subvencionable:<\/strong><\/p>\n<p style=\"font-weight: 400;\">El inicio del plazo para realizar la actividad y para considerar los gastos subvencionables comenzar\u00e1 el 1 de enero de cada anualidad.<\/p>\n<p style=\"font-weight: 400;\"><strong>Plazo m\u00e1ximo de justificaci\u00f3n de la actividad subvencionable:<\/strong><\/p>\n<p style=\"font-weight: 400;\">El plazo m\u00e1ximo de justificaci\u00f3n es el 30 de junio de 2021.<\/p>\n<p style=\"font-weight: 400;\"><strong>Forma de presentaci\u00f3n de solicitudes<\/strong><\/p>\n<p style=\"font-weight: 400;\">la presentaci\u00f3n de solicitudes, instancias, comunicaciones y dem\u00e1s documentaci\u00f3n exigible, se realizar\u00e1 obligatoriamente a trav\u00e9s del aplicativo inform\u00e1tico de gesti\u00f3n de la convocatoria, ubicado en la sede electr\u00f3nica de la Consejer\u00eda de Econom\u00eda, Conocimiento y Empleo, siendo la direcci\u00f3n electr\u00f3nica\u00a0<a href=\"https:\/\/sede.gobcan.es\/aplicaciones\/caporta\/c202001\/login\">https:\/\/sede.gobcan.es\/aplicaciones\/caporta\/c202001\/login<\/a>.<\/p>\n<p style=\"font-weight: 400;\"><em>\u00a0<\/em><\/p>\n<p style=\"font-weight: 400;\"><em>Para m\u00e1s informaci\u00f3n puedes contactar con la T\u00e9cnica de Innovaci\u00f3n de Femepa al 928296161 ext#2032, y en el correo electr\u00f3nico, <a href=\"mailto:obdulia.martin@femepa.es\">obdulia.martin@femepa.es<\/a><\/em><\/p>\n","protected":false},"excerpt":{"rendered":"<p>&nbsp; Informarles que hoy se ha publicado la convocatoria\u00a0de las subvenciones a proyectos internacionalizaci\u00f3n de empresas canarias\u00a0\u201cCanarias Aporta\u00a0y Aporta Digital\u201d\u00a0para el ejercicio 2020. El plazo de presentaci\u00f3n de solicitudes ser\u00e1 de 30 d\u00edas h\u00e1biles contados a partir del d\u00eda siguiente a la publicaci\u00f3n de este extracto en el Bolet\u00edn Oficial del Canarias. Le resumimos los [&hellip;]<\/p>\n","protected":false},"author":4,"featured_media":28777,"comment_status":"closed","ping_status":"closed","sticky":false,"template":"","format":"standard","meta":{"_acf_changed":false,"rs_blank_template":"","rs_page_bg_color":"","slide_template_v7":"","footnotes":""},"categories":[1],"tags":[],"class_list":["post-28776","post","type-post","status-publish","format-standard","has-post-thumbnail","hentry","category-sin-categoria"],"acf":[],"_links":{"self":[{"href":"https:\/\/femepa.org\/web\/wp-json\/wp\/v2\/posts\/28776","targetHints":{"allow":["GET"]}}],"collection":[{"href":"https:\/\/femepa.org\/web\/wp-json\/wp\/v2\/posts"}],"about":[{"href":"https:\/\/femepa.org\/web\/wp-json\/wp\/v2\/types\/post"}],"author":[{"embeddable":true,"href":"https:\/\/femepa.org\/web\/wp-json\/wp\/v2\/users\/4"}],"replies":[{"embeddable":true,"href":"https:\/\/femepa.org\/web\/wp-json\/wp\/v2\/comments?post=28776"}],"version-history":[{"count":0,"href":"https:\/\/femepa.org\/web\/wp-json\/wp\/v2\/posts\/28776\/revisions"}],"wp:featuredmedia":[{"embeddable":true,"href":"https:\/\/femepa.org\/web\/wp-json\/wp\/v2\/media\/28777"}],"wp:attachment":[{"href":"https:\/\/femepa.org\/web\/wp-json\/wp\/v2\/media?parent=28776"}],"wp:term":[{"taxonomy":"category","embeddable":true,"href":"https:\/\/femepa.org\/web\/wp-json\/wp\/v2\/categories?post=28776"},{"taxonomy":"post_tag","embeddable":true,"href":"https:\/\/femepa.org\/web\/wp-json\/wp\/v2\/tags?post=28776"}],"curies":[{"name":"wp","href":"https:\/\/api.w.org\/{rel}","templated":true}]}}