{"id":28875,"date":"2020-09-25T17:24:38","date_gmt":"2020-09-25T17:24:38","guid":{"rendered":"https:\/\/femepa.org\/web\/?p=28875"},"modified":"2020-09-25T17:24:38","modified_gmt":"2020-09-25T17:24:38","slug":"la-junta-directiva-de-fredica-se-reune-con-el-presidente-del-gobierno-de-canarias","status":"publish","type":"post","link":"https:\/\/femepa.org\/web\/la-junta-directiva-de-fredica-se-reune-con-el-presidente-del-gobierno-de-canarias\/","title":{"rendered":"La Junta Directiva de Fredica se re\u00fane con el presidente del Gobierno de Canarias"},"content":{"rendered":"<h2 style=\"text-align: center;\"><strong>El Gobierno canario participar\u00e1 en la Mesa sectorial de la Movilidad<\/strong><\/h2>\n<p>&nbsp;<\/p>\n<p>El presidente de FREDICA, junto con miembros de la Junta Directiva, se con el Presidente del Gobierno de Canarias, \u00c1ngel V\u00edctor Torres.<\/p>\n<p>La reuni\u00f3n comenz\u00f3 con la presentaci\u00f3n de la Federaci\u00f3n al Presidente, organizaci\u00f3n con m\u00e1s de 40 a\u00f1os de historia.<\/p>\n<p><strong>SITUACI\u00d3N DEL SECTOR DEL AUTOM\u00d3VIL EN CANARIAS<\/strong><\/p>\n<p>\u201cEn estos momentos, inform\u00f3 el Presidente de FREDICA a \u00c1ngel V\u00edctor Torres, el sector est\u00e1 pasando por una de las situaciones m\u00e1s complejas de su historia. Las islas han visto caer las matriculaciones hasta el 40% en los \u00faltimos meses y las perspectivas con las restricciones impuestas por los principales pa\u00edses emisores de turistas han cercenado las expectativas m\u00e1s optimistas que se hab\u00edan planteado para el comienzo de la temporada alta\u201d.<\/p>\n<p>El Presidente de Canarias destac\u00f3 la importancia del sector tur\u00edstico y la necesidad de desarrollar un plan econ\u00f3mico para apoyarlo. El presidente igualmente destac\u00f3 que el papel de la administraci\u00f3n p\u00fablica ser\u00e1 fundamental en estos momentos.<\/p>\n<p>Rafael Pombriego se\u00f1al\u00f3 que\u00a0<strong>\u201cLa situaci\u00f3n de incertidumbre general<\/strong>\u00a0entre la poblaci\u00f3n,\u00a0<strong>como la mayor oferta de veh\u00edculos seminuevos<\/strong>\u00a0procedentes de las empresas alquiladoras, que est\u00e1n deprendi\u00e9ndose de parte importante de su flota para obtener liquidez,\u00a0<strong>no han permitido despegar con m\u00e1s fuerza el Plan Renove<\/strong>\u00a0en las islas, tal como ha ocurrido en el resto del Estado. Esperamos que una vez se normalice esta situaci\u00f3n, este plan tenga mayor efectividad en Canarias\u201d.<\/p>\n<p>El planteamiento\u00a0<strong>de los ERTE parciales ha sido igualmente destacado<\/strong>\u00a0como un instrumento esencial para poder ir ajustando las plantillas a las circunstancias de mercado actuales.<\/p>\n<p>Igualmente\u00a0<strong>se comentaron aspectos relacionados con desarrollo de la Ley de Cambio Clim\u00e1tico\u00a0<\/strong>y el impacto de algunas cuestiones sobre el sector del autom\u00f3vil y el alquiler de veh\u00edculos.<\/p>\n<p><strong>El Presidente de Canarias destac\u00f3 la puesta en marcha del Plan MOVES II<\/strong>\u00a0<strong>en el mes de octubre<\/strong>, como el planteamiento de medidas de renovaci\u00f3n del parque con una inversi\u00f3n de un mill\u00f3n de euros a corto plazo.<\/p>\n<p><strong>MESA INTERSECTORIAL DE MOVILIDAD<\/strong><\/p>\n<p>El presidente de FREDICA destac\u00f3 el compromiso del sector con la nueva movilidad y la adaptaci\u00f3n del mismo a los cambios disruptivos que se est\u00e1n produciendo, como el camino hacia la descarbonizaci\u00f3n, la electrificaci\u00f3n del parque, la digitalizaci\u00f3n general y del sector, el desarrollo de la ciudad inteligente y toda la serie de cambios en el que el sector est\u00e1 avanzado.<\/p>\n<p><strong>Rafael Pombriego inform\u00f3 al Presidente del Gobierno la constituci\u00f3n el pasado mes de julio de la Mesa Intersectorial de la MOVILIDAD<\/strong>. Esta mesa ha sido\u00a0<strong>creada como punto de encuentro, en un principio, de todos los sectores que forman parte de la automoci\u00f3n apoyados por las federaciones del Metal FEMEPA y FEMETE,\u00a0<\/strong>pero que tiene como\u00a0<strong>objetivo contar con la participaci\u00f3n de todos los nuevos sectores que ser\u00e1n decisivos en el desarrollo de la nueva movilidad en las islas<\/strong>. Se trata de una\u00a0<strong>iniciativa sin precedentes<\/strong>.<\/p>\n<p>La\u00a0<strong>MESA tiene car\u00e1cter regional<\/strong>\u00a0y el\u00a0<strong>objetivo ser\u00e1 realizar planteamientos sobre cuestiones de movilidad<\/strong>\u00a0al Gobierno de Canarias y a todas las administraciones isle\u00f1as, as\u00ed como ser un lugar com\u00fan para presentar proyectos de iniciativa privada como de colaboraci\u00f3n p\u00fablica en todo lo relacionado con la nueva movilidad, aspecto clave para desarrollar proyectos de inter\u00e9s para Canarias teniendo en cuenta la importante partida de fondos europeos que tendr\u00e1n este objetivo.<\/p>\n<p>Para el Presidente de FREDICA,\u00a0<strong>poniendo como epicentro al ciudadano, se trata de garantizar su movilidad abriendo un nuevo abanico de posibilidades en la que deben caber todos los sectores,\u00a0<\/strong>tradicionales y nuevos actores y donde el objetivo es colaborar con las administraciones.<\/p>\n<p><strong>El Presidente Canario se comprometi\u00f3 con el sector a recibir a la Mesa Intersectorial como a crear una Mesa de Trabajo con todas las consejer\u00edas del Gobierno Regional que tengan relaci\u00f3n con esta importante materia<\/strong>. Considero esta propuesta de inter\u00e9s de cara a promover la utilizaci\u00f3n de los fondos europeos.<\/p>\n<p>El presidente canario se mostr\u00f3 igualmente optimista para pensar que en las pr\u00f3ximas semanas se puedan poner en marcha los corredores tur\u00edsticos seguros y que pueda salvarse, a partir del mes de noviembre, al menos parte de la temporada de invierno, pero siempre dentro de lo moderado que se debe ser en la actualidad,\u00a0 por lo cambiante de la situaci\u00f3n.<\/p>\n<p>&nbsp;<\/p>\n<p>&nbsp;<\/p>\n<p>&nbsp;<\/p>\n","protected":false},"excerpt":{"rendered":"<p>El Gobierno canario participar\u00e1 en la Mesa sectorial de la Movilidad &nbsp; El presidente de FREDICA, junto con miembros de la Junta Directiva, se con el Presidente del Gobierno de Canarias, \u00c1ngel V\u00edctor Torres. La reuni\u00f3n comenz\u00f3 con la presentaci\u00f3n de la Federaci\u00f3n al Presidente, organizaci\u00f3n con m\u00e1s de 40 a\u00f1os de historia. SITUACI\u00d3N DEL [&hellip;]<\/p>\n","protected":false},"author":4,"featured_media":28876,"comment_status":"closed","ping_status":"closed","sticky":false,"template":"","format":"standard","meta":{"_acf_changed":false,"rs_blank_template":"","rs_page_bg_color":"","slide_template_v7":"","footnotes":""},"categories":[1],"tags":[1758,64,320,960,140,1759,1538],"class_list":["post-28875","post","type-post","status-publish","format-standard","has-post-thumbnail","hentry","category-sin-categoria","tag-angel-victor-torres","tag-femepa","tag-femete","tag-fredica","tag-gobierno-de-canarias","tag-mesa-de-la-movilidad","tag-rafael-pombriego"],"acf":[],"_links":{"self":[{"href":"https:\/\/femepa.org\/web\/wp-json\/wp\/v2\/posts\/28875","targetHints":{"allow":["GET"]}}],"collection":[{"href":"https:\/\/femepa.org\/web\/wp-json\/wp\/v2\/posts"}],"about":[{"href":"https:\/\/femepa.org\/web\/wp-json\/wp\/v2\/types\/post"}],"author":[{"embeddable":true,"href":"https:\/\/femepa.org\/web\/wp-json\/wp\/v2\/users\/4"}],"replies":[{"embeddable":true,"href":"https:\/\/femepa.org\/web\/wp-json\/wp\/v2\/comments?post=28875"}],"version-history":[{"count":0,"href":"https:\/\/femepa.org\/web\/wp-json\/wp\/v2\/posts\/28875\/revisions"}],"wp:featuredmedia":[{"embeddable":true,"href":"https:\/\/femepa.org\/web\/wp-json\/wp\/v2\/media\/28876"}],"wp:attachment":[{"href":"https:\/\/femepa.org\/web\/wp-json\/wp\/v2\/media?parent=28875"}],"wp:term":[{"taxonomy":"category","embeddable":true,"href":"https:\/\/femepa.org\/web\/wp-json\/wp\/v2\/categories?post=28875"},{"taxonomy":"post_tag","embeddable":true,"href":"https:\/\/femepa.org\/web\/wp-json\/wp\/v2\/tags?post=28875"}],"curies":[{"name":"wp","href":"https:\/\/api.w.org\/{rel}","templated":true}]}}