{"id":29038,"date":"2020-10-06T15:01:29","date_gmt":"2020-10-06T15:01:29","guid":{"rendered":"https:\/\/femepa.org\/web\/?p=29038"},"modified":"2020-10-06T15:01:29","modified_gmt":"2020-10-06T15:01:29","slug":"conectte-a-conaif-primer-encuentro-empresarial-online-para-instaladores","status":"publish","type":"post","link":"https:\/\/femepa.org\/web\/conectte-a-conaif-primer-encuentro-empresarial-online-para-instaladores\/","title":{"rendered":"\u201cCON\u00c9CT@TE A CONAIF\u201d, primer encuentro empresarial online para instaladores\u00a0 \u00a0"},"content":{"rendered":"<p>&nbsp;<\/p>\n<p>Los pr\u00f3ximos d\u00edas\u00a07 y 8 de octubre de 2020 -en horario de tarde-\u00a0tendr\u00e1 lugar el I Encuentro empresarial\u00a0online\u00a0para instaladores,\u00a0titulado: \u201cCon\u00e9ct@te a CONAIF 2020\u201d, un foro que acercar\u00e1 las tendencias del sector a los profesionales relacionados con las instalaciones y sus mantenimientos, a trav\u00e9s de un completo programa de ponencias t\u00e9cnicas combinadas con otras centradas en las habilidades directivas.<\/p>\n<p>Este encuentro sustituye de manera circunstancial, dada la situaci\u00f3n sanitaria, al Congreso Anual que CONAIF viene realizando en los \u00faltimos treinta a\u00f1os y que este a\u00f1o estaba previsto celebrarse en Burgos.<\/p>\n<p>Este evento online, que ser\u00e1 presentado y moderado por Alicia Senovilla, podr\u00e1 ser seguido\u00a0 por \u201c<em>streaming<\/em>\u201d en\u00a0<a href=\"http:\/\/www.conectateaconaif.es\/\">www.conectateaconaif.es<\/a>,\u00a0<strong>previa inscripci\u00f3n gratuita en esta misma web.<\/strong><\/p>\n<p>CONAIF ha dise\u00f1ado para este encuentro dos jornadas de interesantes ponencias, que se podr\u00e1n consultar en el <a href=\"http:\/\/kubo.femepa.org\/wp-content\/uploads\/2020\/10\/Programa_Conect@te_a_Conaif-CONGRESO-2020.pdf\" target=\"_blank\" rel=\"noopener noreferrer\">programa adjunto<\/a>. Son jornadas la mayor\u00eda de ellas de tipo t\u00e9cnico, no obstante se han incluido, como ya es habitual, dos ponencias de car\u00e1cter motivacional.<\/p>\n<p>Como novedad, hay que destacar las reuniones virtuales \u201c<em>one to one<\/em>\u201d entre asistentes, patrocinadores y organizadores que se celebrar\u00e1n por las ma\u00f1anas. Los usuarios registrados en\u00a0<a href=\"http:\/\/www.conectateaconaif.es\/\">www.conectateaconaif.es<\/a>\u00a0podr\u00e1n solicitar citas online con el resto de los participantes en el encuentro, seleccionando aquellos perfiles que m\u00e1s les convengan en funci\u00f3n de sus intereses profesionales.<\/p>\n<p>Adem\u00e1s, podr\u00e1 descargar en el m\u00f3vil la App del evento \u201cCon\u00e9ct@te a CONAIF\u201d \u2013 disponible para Android e iOS &#8211;\u00a0 y con ello tomar parte en todos los momentos de interacci\u00f3n tanto con la organizaci\u00f3n como con el resto de los participantes.<\/p>\n<p>Desde CAFONGAS Las Palmas, se entiende que este evento es una oportunidad m\u00e1s que, desde esta asociaci\u00f3n y desde CONAIF en particular, se ofrece a los asociados para formarse e informarse en los diferentes aspectos del sector y de la empresa. De ah\u00ed la insistencia en que se aproveche la ocasi\u00f3n y se trate de asistir \u201cON LINE\u201d a algunas de la ponencias de este evento.<\/p>\n<p>&nbsp;<\/p>\n<p>&nbsp;<\/p>\n","protected":false},"excerpt":{"rendered":"<p>&nbsp; Los pr\u00f3ximos d\u00edas\u00a07 y 8 de octubre de 2020 -en horario de tarde-\u00a0tendr\u00e1 lugar el I Encuentro empresarial\u00a0online\u00a0para instaladores,\u00a0titulado: \u201cCon\u00e9ct@te a CONAIF 2020\u201d, un foro que acercar\u00e1 las tendencias del sector a los profesionales relacionados con las instalaciones y sus mantenimientos, a trav\u00e9s de un completo programa de ponencias t\u00e9cnicas combinadas con otras centradas [&hellip;]<\/p>\n","protected":false},"author":4,"featured_media":29039,"comment_status":"closed","ping_status":"closed","sticky":false,"template":"","format":"standard","meta":{"_acf_changed":false,"rs_blank_template":"","rs_page_bg_color":"","slide_template_v7":"","footnotes":""},"categories":[1],"tags":[],"class_list":["post-29038","post","type-post","status-publish","format-standard","has-post-thumbnail","hentry","category-sin-categoria"],"acf":[],"_links":{"self":[{"href":"https:\/\/femepa.org\/web\/wp-json\/wp\/v2\/posts\/29038","targetHints":{"allow":["GET"]}}],"collection":[{"href":"https:\/\/femepa.org\/web\/wp-json\/wp\/v2\/posts"}],"about":[{"href":"https:\/\/femepa.org\/web\/wp-json\/wp\/v2\/types\/post"}],"author":[{"embeddable":true,"href":"https:\/\/femepa.org\/web\/wp-json\/wp\/v2\/users\/4"}],"replies":[{"embeddable":true,"href":"https:\/\/femepa.org\/web\/wp-json\/wp\/v2\/comments?post=29038"}],"version-history":[{"count":0,"href":"https:\/\/femepa.org\/web\/wp-json\/wp\/v2\/posts\/29038\/revisions"}],"wp:featuredmedia":[{"embeddable":true,"href":"https:\/\/femepa.org\/web\/wp-json\/wp\/v2\/media\/29039"}],"wp:attachment":[{"href":"https:\/\/femepa.org\/web\/wp-json\/wp\/v2\/media?parent=29038"}],"wp:term":[{"taxonomy":"category","embeddable":true,"href":"https:\/\/femepa.org\/web\/wp-json\/wp\/v2\/categories?post=29038"},{"taxonomy":"post_tag","embeddable":true,"href":"https:\/\/femepa.org\/web\/wp-json\/wp\/v2\/tags?post=29038"}],"curies":[{"name":"wp","href":"https:\/\/api.w.org\/{rel}","templated":true}]}}