{"id":29101,"date":"2020-10-14T18:52:12","date_gmt":"2020-10-14T18:52:12","guid":{"rendered":"https:\/\/femepa.org\/web\/?p=29101"},"modified":"2020-10-14T18:52:12","modified_gmt":"2020-10-14T18:52:12","slug":"femepa-aprueba-la-memoria-de-actividades-19-20-en-su-asamblea-general-anual","status":"publish","type":"post","link":"https:\/\/femepa.org\/web\/femepa-aprueba-la-memoria-de-actividades-19-20-en-su-asamblea-general-anual\/","title":{"rendered":"Femepa aprueba la memoria de actividades 19\/20 en su Asamblea General anual"},"content":{"rendered":"<p>&nbsp;<\/p>\n<p>La Federaci\u00f3n provincial de la peque\u00f1a y mediana empresa del Metal y Nuevas Tecnolog\u00edas de Las Palmas celebr\u00f3 \u2013este martes- su Asamblea General anual, en la que quedaron aprobadas la memoria de actividades 2019-2020, el balance y la liquidaci\u00f3n del ejercicio 2019, y el presupuesto de ingresos y gastos para el 2020.<\/p>\n<p>Adem\u00e1s, el presidente de la organizaci\u00f3n, Vicente Marrero, present\u00f3 su informe, al tiempo que se procedi\u00f3 a la ratificaci\u00f3n de los acuerdos adoptados por la Junta Directiva.<\/p>\n<p>Por otro lado, se llev\u00f3 a cabo la modificaci\u00f3n de los estatutos, por imposici\u00f3n del Servicio de Promoci\u00f3n Laboral de la Direcci\u00f3n General de Trabajo de la Consejer\u00eda de Empleo, Pol\u00edticas Sociales y Vivienda del Gobierno de Canarias, en cumplimiento del art. 7 del Real Decreto 416\/2015, de 29 de mayo de 2015, sobre Dep\u00f3sito de Estatutos de OO.SS. y otros art\u00edculos para actualizaci\u00f3n y modernizaci\u00f3n del texto de los Estatutos de la Federaci\u00f3n.<\/p>\n<p>Por \u00faltimo, se visualiz\u00f3 un v\u00eddeo resumen del ejercicio, en el que quedaban reflejadas todas las actividades, proyectos y logros materializados durante este per\u00edodo, que, posteriormente, se comparti\u00f3 con el personal a trav\u00e9s de un PDF interactivo, que tambi\u00e9n inclu\u00eda un saluda del presidente.<\/p>\n<p><iframe title=\"Asamblea General de Femepa 2019 - Memoria de actividades 2019-2020\" width=\"500\" height=\"281\" src=\"https:\/\/www.youtube.com\/embed\/71d1Rz-86PI?feature=oembed\" frameborder=\"0\" allow=\"accelerometer; autoplay; clipboard-write; encrypted-media; gyroscope; picture-in-picture; web-share\" referrerpolicy=\"strict-origin-when-cross-origin\" allowfullscreen><\/iframe><\/p>\n","protected":false},"excerpt":{"rendered":"<p>&nbsp; La Federaci\u00f3n provincial de la peque\u00f1a y mediana empresa del Metal y Nuevas Tecnolog\u00edas de Las Palmas celebr\u00f3 \u2013este martes- su Asamblea General anual, en la que quedaron aprobadas la memoria de actividades 2019-2020, el balance y la liquidaci\u00f3n del ejercicio 2019, y el presupuesto de ingresos y gastos para el 2020. Adem\u00e1s, el [&hellip;]<\/p>\n","protected":false},"author":4,"featured_media":29102,"comment_status":"closed","ping_status":"closed","sticky":false,"template":"","format":"standard","meta":{"_acf_changed":false,"rs_blank_template":"","rs_page_bg_color":"","slide_template_v7":"","footnotes":""},"categories":[1],"tags":[],"class_list":["post-29101","post","type-post","status-publish","format-standard","has-post-thumbnail","hentry","category-sin-categoria"],"acf":[],"_links":{"self":[{"href":"https:\/\/femepa.org\/web\/wp-json\/wp\/v2\/posts\/29101","targetHints":{"allow":["GET"]}}],"collection":[{"href":"https:\/\/femepa.org\/web\/wp-json\/wp\/v2\/posts"}],"about":[{"href":"https:\/\/femepa.org\/web\/wp-json\/wp\/v2\/types\/post"}],"author":[{"embeddable":true,"href":"https:\/\/femepa.org\/web\/wp-json\/wp\/v2\/users\/4"}],"replies":[{"embeddable":true,"href":"https:\/\/femepa.org\/web\/wp-json\/wp\/v2\/comments?post=29101"}],"version-history":[{"count":0,"href":"https:\/\/femepa.org\/web\/wp-json\/wp\/v2\/posts\/29101\/revisions"}],"wp:featuredmedia":[{"embeddable":true,"href":"https:\/\/femepa.org\/web\/wp-json\/wp\/v2\/media\/29102"}],"wp:attachment":[{"href":"https:\/\/femepa.org\/web\/wp-json\/wp\/v2\/media?parent=29101"}],"wp:term":[{"taxonomy":"category","embeddable":true,"href":"https:\/\/femepa.org\/web\/wp-json\/wp\/v2\/categories?post=29101"},{"taxonomy":"post_tag","embeddable":true,"href":"https:\/\/femepa.org\/web\/wp-json\/wp\/v2\/tags?post=29101"}],"curies":[{"name":"wp","href":"https:\/\/api.w.org\/{rel}","templated":true}]}}