{"id":29219,"date":"2020-10-22T18:58:17","date_gmt":"2020-10-22T18:58:17","guid":{"rendered":"https:\/\/femepa.org\/web\/?p=29219"},"modified":"2020-10-22T18:58:17","modified_gmt":"2020-10-22T18:58:17","slug":"manuel-guerra-cede-el-testigo-a-jose-maria-ponce-en-la-presidencia-de-aenautica","status":"publish","type":"post","link":"https:\/\/femepa.org\/web\/manuel-guerra-cede-el-testigo-a-jose-maria-ponce-en-la-presidencia-de-aenautica\/","title":{"rendered":"Manuel Guerra cede el testigo de la presidencia de AEN\u00c1UTICA a Jos\u00e9 Mar\u00eda Ponce"},"content":{"rendered":"<p>&nbsp;<\/p>\n<p>La Asociaci\u00f3n Provincial de Empresas del Comercio de Embarcaciones, Aparatos y Accesorios N\u00e1uticos (AEN\u00c1UTICA), integrada en Femepa, ha celebrado \u2013este jueves, en el Muelle Deportivo- su Asamblea General anual, en la que ha elegido a la nueva junta directiva que le representar\u00e1 a partir de ahora.<\/p>\n<p>De esta forma, la presidencia ha reca\u00eddo en <strong>Jos\u00e9 Mar\u00eda Ponce <\/strong>(Alisios Sailing), al que acompa\u00f1ar\u00e1n en este mandato: <strong>Juan Carlos Rodr\u00edguez<\/strong> (Rolnautic), <strong>Mois\u00e9s Far\u00edas<\/strong> (Federaci\u00f3n de Vela Latina Canaria) y <strong>Elsa Batista<\/strong> (Distrimar), como vicepresidente, tesorero y secretaria, respectivamente.<\/p>\n<p>En este sentido, Ponce ha afirmado que coge el testigo de <strong>Manuel Guerra<\/strong> \u201ccon mucha ilusi\u00f3n\u201d: \u201cNos toca empezar de cero, en cuanto a esta nueva situaci\u00f3n sanitaria que tenemos, y replantearnos cu\u00e1les son los retos del futuro\u201d, ha declarado, mientras a\u00f1ad\u00eda: \u201cHemos avanzado bastante en cuanto al objetivo de la asociaci\u00f3n de que las empresas intenten buscar nuevos destinos, nuevos clientes, desarrollarse poco a poco, crear un poco de cultura de mar\u2026 pero ahora la situaci\u00f3n ha cambiado un poquito y creo que toca sentarse y ver bien cu\u00e1l es el camino que tenemos que tomar de aqu\u00ed en adelante y, sobre todo, contando con todos los empresarios del sector, que al final son los que estamos aqu\u00ed d\u00eda a d\u00eda intentando dar paso tras paso para que los negocios vayan avanzando y desarroll\u00e1ndose con los mejores medios, los mejores profesionales y las mejores atenciones a los clientes que puedan estar en el sector\u201d.<\/p>\n<p>Por otro lado, el director de Formaci\u00f3n y Empleo, y responsable de Comunicaci\u00f3n y Marketing, de Femepa, <strong>V\u00edctor Rubio<\/strong>, ha querido felicitar en persona a la nueva junta directiva de esta asociaci\u00f3n, al tiempo que le ha comunicado que, desde la federaci\u00f3n, se sigue apostando por la formaci\u00f3n de nuevos profesionales en el sector de las reparaciones n\u00e1uticas. No obstante, acaba de concluir con \u00e9xito una de las acciones formativas planificadas y, en el mes de noviembre, empezar\u00e1 la siguiente, de Carpinter\u00eda de Ribera, que tambi\u00e9n se impartir\u00e1 en el Muelle Deportivo de la capital grancanaria.<\/p>\n<p>Asimismo, Rubio ha recordado el hermanamiento con otros puertos, como el de La Rochelle, con el que se colabora tambi\u00e9n en proyectos formativos, gracias al empuje del empresariado de AEN\u00c1UTICA, que, con sendas misiones empresariales, llevadas a cabo para conocer nuevos modelos de negocio y c\u00f3mo se gestionan otros puertos deportivos y de recreo, gener\u00f3 esa sinergia con el puerto franc\u00e9s.<\/p>\n<p><iframe title=\"Primeras declaraciones del nuevo presidente de AEN\u00c1UTICA, Jos\u00e9 Mar\u00eda Ponce\" width=\"500\" height=\"281\" src=\"https:\/\/www.youtube.com\/embed\/FNDLcFoq-YI?feature=oembed\" frameborder=\"0\" allow=\"accelerometer; autoplay; clipboard-write; encrypted-media; gyroscope; picture-in-picture; web-share\" referrerpolicy=\"strict-origin-when-cross-origin\" allowfullscreen><\/iframe><\/p>\n","protected":false},"excerpt":{"rendered":"<p>&nbsp; La Asociaci\u00f3n Provincial de Empresas del Comercio de Embarcaciones, Aparatos y Accesorios N\u00e1uticos (AEN\u00c1UTICA), integrada en Femepa, ha celebrado \u2013este jueves, en el Muelle Deportivo- su Asamblea General anual, en la que ha elegido a la nueva junta directiva que le representar\u00e1 a partir de ahora. De esta forma, la presidencia ha reca\u00eddo en [&hellip;]<\/p>\n","protected":false},"author":4,"featured_media":29220,"comment_status":"closed","ping_status":"closed","sticky":false,"template":"","format":"standard","meta":{"_acf_changed":false,"rs_blank_template":"","rs_page_bg_color":"#ffffff","slide_template_v7":"","footnotes":""},"categories":[1],"tags":[87,1777,902,64,1778,1336,511,1251],"class_list":["post-29219","post","type-post","status-publish","format-standard","has-post-thumbnail","hentry","category-sin-categoria","tag-aenautica","tag-alisios-sailing","tag-carpinteria-de-ribera","tag-femepa","tag-jose-maria-ponce","tag-juan-carlos-rodriguez","tag-la-rochelle","tag-rolnautic"],"acf":[],"_links":{"self":[{"href":"https:\/\/femepa.org\/web\/wp-json\/wp\/v2\/posts\/29219","targetHints":{"allow":["GET"]}}],"collection":[{"href":"https:\/\/femepa.org\/web\/wp-json\/wp\/v2\/posts"}],"about":[{"href":"https:\/\/femepa.org\/web\/wp-json\/wp\/v2\/types\/post"}],"author":[{"embeddable":true,"href":"https:\/\/femepa.org\/web\/wp-json\/wp\/v2\/users\/4"}],"replies":[{"embeddable":true,"href":"https:\/\/femepa.org\/web\/wp-json\/wp\/v2\/comments?post=29219"}],"version-history":[{"count":0,"href":"https:\/\/femepa.org\/web\/wp-json\/wp\/v2\/posts\/29219\/revisions"}],"wp:featuredmedia":[{"embeddable":true,"href":"https:\/\/femepa.org\/web\/wp-json\/wp\/v2\/media\/29220"}],"wp:attachment":[{"href":"https:\/\/femepa.org\/web\/wp-json\/wp\/v2\/media?parent=29219"}],"wp:term":[{"taxonomy":"category","embeddable":true,"href":"https:\/\/femepa.org\/web\/wp-json\/wp\/v2\/categories?post=29219"},{"taxonomy":"post_tag","embeddable":true,"href":"https:\/\/femepa.org\/web\/wp-json\/wp\/v2\/tags?post=29219"}],"curies":[{"name":"wp","href":"https:\/\/api.w.org\/{rel}","templated":true}]}}