{"id":29272,"date":"2020-10-27T08:56:57","date_gmt":"2020-10-27T08:56:57","guid":{"rendered":"https:\/\/femepa.org\/web\/?p=29272"},"modified":"2020-10-27T08:56:57","modified_gmt":"2020-10-27T08:56:57","slug":"fredica-se-reune-en-tenerife-con-los-responsables-de-economia-del-partido-popular","status":"publish","type":"post","link":"https:\/\/femepa.org\/web\/fredica-se-reune-en-tenerife-con-los-responsables-de-economia-del-partido-popular\/","title":{"rendered":"Fredica se re\u00fane en Tenerife con los responsables de Econom\u00eda del Partido Popular"},"content":{"rendered":"<p>&nbsp;<\/p>\n<p style=\"font-weight: 400; text-align: center;\"><strong>La situaci\u00f3n del sector, las perspectivas para el a\u00f1o 2.021, como las propuestas sectoriales como la Mesa de la Movilidad, entre los temas tratados<\/strong><\/p>\n<p style=\"font-weight: 400;\">El d\u00eda 26 de octubre una representaci\u00f3n de la Federaci\u00f3n de Importadores y Concesionarios de Autom\u00f3viles, FREDICA, encabezada por su presidente, Rafael Pombriego junto con los miembros de la Junta, Jes\u00fas Orozco, Pedro Modesto Campos y Fernando Capdevila, ha mantenido en Tenerife un encuentro con Alexis Oliva y Manuel Fern\u00e1ndez, responsables de econom\u00eda del Partido Popular.<\/p>\n<p style=\"font-weight: 400;\">El objeto de la reuni\u00f3n era el inter\u00e9s por conocer, por parte de la representaci\u00f3n del Partido Popular, la situaci\u00f3n actual del sector de la mano del primer interlocutor sectorial en Canarias. Los miembros de la organizaci\u00f3n explicaron a los representantes del partido la evoluci\u00f3n de las ventas en las islas, con la especial incidencia en el mercado de alquiler de veh\u00edculos, sector pr\u00e1cticamente paralizado. Igualmente se inform\u00f3 sobre la evoluci\u00f3n del mercado del veh\u00edculo de ocasi\u00f3n y la situaci\u00f3n general de las empresas.<\/p>\n<p style=\"font-weight: 400;\">Asimismo, FREDICA inform\u00f3 sobre las perspectivas para el cierre de 2020 y para el a\u00f1o 2021 informando las incertidumbres a las que se enfrentar\u00e1 la automoci\u00f3n en las islas, destacando las normativas ambientales y fiscales. FREDICA destac\u00f3 la importancia de los planes de renovaci\u00f3n y la necesidad de que Canarias cuente con un plan de renovaci\u00f3n propio para 2021, propuesta de FREDICA ya recogida en el Plan de Reactivaci\u00f3n Social y Econ\u00f3mica de Canarias que se considera ser\u00eda positivo poner en marcha el pr\u00f3ximo a\u00f1o.<\/p>\n<p style=\"font-weight: 400;\">Igualmente, los representantes de FREDICA destacaron que al mismo tiempo se presentan oportunidades con todo lo relacionado con la nueva movilidad, donde el sector del autom\u00f3vil de Canarias apoya de manera decidida el desarrollo de la Mesa Intersectorial de la Movilidad como herramienta de trabajo en la que colaboran un grupo destacado de sectoriales empresariales y que supone un proyecto sin parang\u00f3n en las islas.<\/p>\n<p style=\"font-weight: 400;\">La ley sobre cambio clim\u00e1tico de Canarias fue otra de las cuestiones tratadas en esta interesante reuni\u00f3n, en la que se explic\u00f3 que los concesionarios comparten gran parte del texto propuesto por el Gobierno de Canarias, aunque existen algunas cuestiones de calado en las que, al margen de las negociaciones con el ejecutivo regional, tendr\u00e1n que ser objeto de debate en sede parlamentaria, siendo necesario que el Partido Popular conozca las dudas planteadas.<\/p>\n<p style=\"font-weight: 400;\">Para FREDICA es muy importante que todas las fuerzas pol\u00edticas conozcan la realidad de este sector en las islas, por ello considera importante mantener estos encuentros con representantes de los diferentes partidos.<\/p>\n<p style=\"font-weight: 400;\">FREDICA es la organizaci\u00f3n de importadores y concesionarios de Canarias, conformada en 1995 entre las dos organizaciones provinciales APEICA y AIVA creadas a su vez en 1977. Actualmente conforman FREDICA un total de veinte compa\u00f1\u00edas, englobando a los principales grupos de la automoci\u00f3n de Canarias.<\/p>\n<p style=\"font-weight: 400;\"><strong>\u00a0<\/strong><\/p>\n<p style=\"font-weight: 400;\">\n","protected":false},"excerpt":{"rendered":"<p>&nbsp; La situaci\u00f3n del sector, las perspectivas para el a\u00f1o 2.021, como las propuestas sectoriales como la Mesa de la Movilidad, entre los temas tratados El d\u00eda 26 de octubre una representaci\u00f3n de la Federaci\u00f3n de Importadores y Concesionarios de Autom\u00f3viles, FREDICA, encabezada por su presidente, Rafael Pombriego junto con los miembros de la Junta, [&hellip;]<\/p>\n","protected":false},"author":4,"featured_media":29273,"comment_status":"closed","ping_status":"closed","sticky":false,"template":"","format":"standard","meta":{"_acf_changed":false,"rs_blank_template":"","rs_page_bg_color":"#ffffff","slide_template_v7":"","footnotes":""},"categories":[1],"tags":[1779,960,1759,1780],"class_list":["post-29272","post","type-post","status-publish","format-standard","has-post-thumbnail","hentry","category-sin-categoria","tag-coche","tag-fredica","tag-mesa-de-la-movilidad","tag-partido-popular"],"acf":[],"_links":{"self":[{"href":"https:\/\/femepa.org\/web\/wp-json\/wp\/v2\/posts\/29272","targetHints":{"allow":["GET"]}}],"collection":[{"href":"https:\/\/femepa.org\/web\/wp-json\/wp\/v2\/posts"}],"about":[{"href":"https:\/\/femepa.org\/web\/wp-json\/wp\/v2\/types\/post"}],"author":[{"embeddable":true,"href":"https:\/\/femepa.org\/web\/wp-json\/wp\/v2\/users\/4"}],"replies":[{"embeddable":true,"href":"https:\/\/femepa.org\/web\/wp-json\/wp\/v2\/comments?post=29272"}],"version-history":[{"count":0,"href":"https:\/\/femepa.org\/web\/wp-json\/wp\/v2\/posts\/29272\/revisions"}],"wp:featuredmedia":[{"embeddable":true,"href":"https:\/\/femepa.org\/web\/wp-json\/wp\/v2\/media\/29273"}],"wp:attachment":[{"href":"https:\/\/femepa.org\/web\/wp-json\/wp\/v2\/media?parent=29272"}],"wp:term":[{"taxonomy":"category","embeddable":true,"href":"https:\/\/femepa.org\/web\/wp-json\/wp\/v2\/categories?post=29272"},{"taxonomy":"post_tag","embeddable":true,"href":"https:\/\/femepa.org\/web\/wp-json\/wp\/v2\/tags?post=29272"}],"curies":[{"name":"wp","href":"https:\/\/api.w.org\/{rel}","templated":true}]}}