{"id":29393,"date":"2020-11-10T16:14:56","date_gmt":"2020-11-10T16:14:56","guid":{"rendered":"https:\/\/femepa.org\/web\/?p=29393"},"modified":"2020-11-10T16:14:56","modified_gmt":"2020-11-10T16:14:56","slug":"el-taller-kia-de-el-sebadal-dona-una-bateria-de-un-vehiculo-electrico-al-departamento-de-formacion-de-femepa","status":"publish","type":"post","link":"https:\/\/femepa.org\/web\/el-taller-kia-de-el-sebadal-dona-una-bateria-de-un-vehiculo-electrico-al-departamento-de-formacion-de-femepa\/","title":{"rendered":"El taller KIA de El Sebadal dona una bater\u00eda de un veh\u00edculo el\u00e9ctrico al departamento de Formaci\u00f3n de Femepa"},"content":{"rendered":"<p>&nbsp;<\/p>\n<p>El director de Formaci\u00f3n y Empleo de Femepa, <strong>V\u00edctor Rubio<\/strong>, ha recibido \u2013este martes- un bater\u00eda de tracci\u00f3n para un veh\u00edculo el\u00e9ctrico de Ion-litio pol\u00edmero, de 360 voltios, 75 Ah, 27 kWh y una potencia de 90 Kw, que se destinar\u00e1 a apoyar la formaci\u00f3n del alumnado del sector Automoci\u00f3n del Centro T\u00e9cnico Profesional del Metal de Las Palmas de Femepa.<\/p>\n<p>En este sentido, la donaci\u00f3n ha corrido a cargo del jefe del Taller KIA El Sebadal, <strong>Ignacio P\u00e9rez de Azpeitia Leal<\/strong>, y el gerente de KIA Arimotor Canarias, <strong>Nel Montes<\/strong>.<\/p>\n<p>Por su parte, el jefe del \u00c1rea de Formaci\u00f3n de Automoci\u00f3n de Femepa, <strong>Sergio Medina<\/strong>, ha valorado positivamente el gesto, ya que esta bater\u00eda \u201csirve para mostrar los componentes y funcionamiento de los diversos mecanismos del veh\u00edculo\u201d.<\/p>\n","protected":false},"excerpt":{"rendered":"<p>&nbsp; El director de Formaci\u00f3n y Empleo de Femepa, V\u00edctor Rubio, ha recibido \u2013este martes- un bater\u00eda de tracci\u00f3n para un veh\u00edculo el\u00e9ctrico de Ion-litio pol\u00edmero, de 360 voltios, 75 Ah, 27 kWh y una potencia de 90 Kw, que se destinar\u00e1 a apoyar la formaci\u00f3n del alumnado del sector Automoci\u00f3n del Centro T\u00e9cnico Profesional [&hellip;]<\/p>\n","protected":false},"author":4,"featured_media":29394,"comment_status":"closed","ping_status":"closed","sticky":false,"template":"","format":"standard","meta":{"_acf_changed":false,"rs_blank_template":"","rs_page_bg_color":"#ffffff","slide_template_v7":"","footnotes":""},"categories":[1],"tags":[1799,1800,1801,1802,773],"class_list":["post-29393","post","type-post","status-publish","format-standard","has-post-thumbnail","hentry","category-sin-categoria","tag-area-de-formacion-de-femepa","tag-sector-automocion","tag-sergio-medina","tag-taller-kia-el-sebadal","tag-victor-rubio"],"acf":[],"_links":{"self":[{"href":"https:\/\/femepa.org\/web\/wp-json\/wp\/v2\/posts\/29393","targetHints":{"allow":["GET"]}}],"collection":[{"href":"https:\/\/femepa.org\/web\/wp-json\/wp\/v2\/posts"}],"about":[{"href":"https:\/\/femepa.org\/web\/wp-json\/wp\/v2\/types\/post"}],"author":[{"embeddable":true,"href":"https:\/\/femepa.org\/web\/wp-json\/wp\/v2\/users\/4"}],"replies":[{"embeddable":true,"href":"https:\/\/femepa.org\/web\/wp-json\/wp\/v2\/comments?post=29393"}],"version-history":[{"count":0,"href":"https:\/\/femepa.org\/web\/wp-json\/wp\/v2\/posts\/29393\/revisions"}],"wp:featuredmedia":[{"embeddable":true,"href":"https:\/\/femepa.org\/web\/wp-json\/wp\/v2\/media\/29394"}],"wp:attachment":[{"href":"https:\/\/femepa.org\/web\/wp-json\/wp\/v2\/media?parent=29393"}],"wp:term":[{"taxonomy":"category","embeddable":true,"href":"https:\/\/femepa.org\/web\/wp-json\/wp\/v2\/categories?post=29393"},{"taxonomy":"post_tag","embeddable":true,"href":"https:\/\/femepa.org\/web\/wp-json\/wp\/v2\/tags?post=29393"}],"curies":[{"name":"wp","href":"https:\/\/api.w.org\/{rel}","templated":true}]}}