{"id":29400,"date":"2020-11-10T21:04:18","date_gmt":"2020-11-10T21:04:18","guid":{"rendered":"https:\/\/femepa.org\/web\/?p=29400"},"modified":"2020-11-10T21:04:18","modified_gmt":"2020-11-10T21:04:18","slug":"ayudas-tic-camaras-2020","status":"publish","type":"post","link":"https:\/\/femepa.org\/web\/ayudas-tic-camaras-2020\/","title":{"rendered":"Ayudas TIC C\u00e1maras 2020"},"content":{"rendered":"<p>&nbsp;<\/p>\n<p>La\u00a0<strong>C\u00e1mara Oficial de Comercio, Industria, Servicios y Navegaci\u00f3n de Gran Canaria,\u00a0<\/strong>realiza una\u00a0<strong>Convocatoria Extraordinaria denominada \u201cAyudas TIC C\u00e1maras 2020\u201d<\/strong>\u00a0para la Transformaci\u00f3n Digital de Pymes de Gran Canaria, cofinanciadas por el Fondo Europeo de Desarrollo Regional (FEDER) de la Uni\u00f3n Europea, como medida para hacer frente al impacto econ\u00f3mico de la COVID-19.<\/p>\n<p><strong>Objeto<\/strong><\/p>\n<p>Promover la participaci\u00f3n de las empresas (micro, peque\u00f1as y medianas) y aut\u00f3nomos de la demarcaci\u00f3n cameral de la C\u00e1mara de Comercio de Gran Canaria en el Programa TIC C\u00e1maras, mediante la concesi\u00f3n de ayudas econ\u00f3micas para la implantaci\u00f3n de las TIC.<\/p>\n<p><strong>Beneficiarios<\/strong><\/p>\n<p>Dirigida a PYMES y aut\u00f3nomos de Gran Canaria.<\/p>\n<p><strong>Importe<\/strong><\/p>\n<p>El porcentaje m\u00e1ximo de ayuda la a percibir por cada empresa ser\u00e1 del 100% de la inversi\u00f3n realizada sobre un coste m\u00e1ximo elegible de 7.000 euros.<\/p>\n<p>Ejecuci\u00f3n de los proyectos hasta el 20 de enero de 2021.<\/p>\n<p><strong>Solicitud<\/strong><\/p>\n<p>S\u00f3lo se podr\u00e1 realizar a trav\u00e9s de la sede electr\u00f3nica de la C\u00e1mara Oficial de Comercio, Industria, Servicios y Navegaci\u00f3n de Gran Canaria, en la direcci\u00f3n\u00a0<a href=\"https:\/\/sede.camara.es\/grancanaria\">https:\/\/sede.camara.es\/grancanaria<\/a><\/p>\n<p>El texto de la convocatoria y sus correspondientes Anexos est\u00e1n disponibles en dicha Sede electr\u00f3nica y en la p\u00e1gina web de la C\u00e1mara de Comercio (<a href=\"http:\/\/www.camaragrancanaria.org\/\">www.camaragrancanaria.org<\/a>) .<\/p>\n<p><strong>Plazo presentaci\u00f3n solicitud<\/strong><\/p>\n<p>El plazo para presentar la solicitud ser\u00eda del 09 de Noviembre 2020 &#8211; 09:00 hasta 13 de Noviembre 2020 &#8211; 15:00 horas<\/p>\n<p>&nbsp;<\/p>\n<p><em>Para m\u00e1s informaci\u00f3n puedes contactar con l<\/em><em>a<\/em><em>\u00a0T\u00e9cnico de Innovaci\u00f3n de Femepa 928296161 ext #2032 \u00a0<\/em><a href=\"mailto:obdulia.martin@femepa.es\"><em>obdulia.martin@femepa.es<\/em><\/a><\/p>\n<p>&nbsp;<\/p>\n","protected":false},"excerpt":{"rendered":"<p>&nbsp; La\u00a0C\u00e1mara Oficial de Comercio, Industria, Servicios y Navegaci\u00f3n de Gran Canaria,\u00a0realiza una\u00a0Convocatoria Extraordinaria denominada \u201cAyudas TIC C\u00e1maras 2020\u201d\u00a0para la Transformaci\u00f3n Digital de Pymes de Gran Canaria, cofinanciadas por el Fondo Europeo de Desarrollo Regional (FEDER) de la Uni\u00f3n Europea, como medida para hacer frente al impacto econ\u00f3mico de la COVID-19. Objeto Promover la participaci\u00f3n [&hellip;]<\/p>\n","protected":false},"author":4,"featured_media":29401,"comment_status":"closed","ping_status":"closed","sticky":false,"template":"","format":"standard","meta":{"_acf_changed":false,"rs_blank_template":"","rs_page_bg_color":"#ffffff","slide_template_v7":"","footnotes":""},"categories":[1],"tags":[436,1805,1518,225,249],"class_list":["post-29400","post","type-post","status-publish","format-standard","has-post-thumbnail","hentry","category-sin-categoria","tag-autonomos","tag-ayudas-tic-camaras-2020","tag-camara-comercio-gran-canaria","tag-gran-canaria","tag-pymes"],"acf":[],"_links":{"self":[{"href":"https:\/\/femepa.org\/web\/wp-json\/wp\/v2\/posts\/29400","targetHints":{"allow":["GET"]}}],"collection":[{"href":"https:\/\/femepa.org\/web\/wp-json\/wp\/v2\/posts"}],"about":[{"href":"https:\/\/femepa.org\/web\/wp-json\/wp\/v2\/types\/post"}],"author":[{"embeddable":true,"href":"https:\/\/femepa.org\/web\/wp-json\/wp\/v2\/users\/4"}],"replies":[{"embeddable":true,"href":"https:\/\/femepa.org\/web\/wp-json\/wp\/v2\/comments?post=29400"}],"version-history":[{"count":0,"href":"https:\/\/femepa.org\/web\/wp-json\/wp\/v2\/posts\/29400\/revisions"}],"wp:featuredmedia":[{"embeddable":true,"href":"https:\/\/femepa.org\/web\/wp-json\/wp\/v2\/media\/29401"}],"wp:attachment":[{"href":"https:\/\/femepa.org\/web\/wp-json\/wp\/v2\/media?parent=29400"}],"wp:term":[{"taxonomy":"category","embeddable":true,"href":"https:\/\/femepa.org\/web\/wp-json\/wp\/v2\/categories?post=29400"},{"taxonomy":"post_tag","embeddable":true,"href":"https:\/\/femepa.org\/web\/wp-json\/wp\/v2\/tags?post=29400"}],"curies":[{"name":"wp","href":"https:\/\/api.w.org\/{rel}","templated":true}]}}